{"id":62147,"date":"2021-02-25T14:07:47","date_gmt":"2021-02-25T20:07:47","guid":{"rendered":"http:\/\/globalnewsmexico.com\/sitio\/?p=62147"},"modified":"2021-02-25T14:07:52","modified_gmt":"2021-02-25T20:07:52","slug":"difunden-retrato-hablado-de-presunto-implicado-en-homicidio-de-candidato-en-qroo","status":"publish","type":"post","link":"https:\/\/globalnewsmexico.com\/sitio\/difunden-retrato-hablado-de-presunto-implicado-en-homicidio-de-candidato-en-qroo\/","title":{"rendered":"Difunden retrato hablado de presunto implicado en homicidio de candidato en QRoo"},"content":{"rendered":"\n<p>La Fiscal\u00eda General del Estado de Quintana Roo difundi\u00f3 el retrato hablado de una persona presuntamente involucrada en el\u00a0homicidio de\u00a0Ignacio S\u00e1nchez Cordero, aspirante a la presidencia municipal\u00a0en Puerto Morelos.<\/p>\n\n\n\n<p>En entrevista con\u00a0Milenio Televisi\u00f3n, \u00d3scar Montes de Oca, fiscal de la entidad, mencion\u00f3 que hasta el momento se analizan diversas l\u00edneas de investigaci\u00f3n en este crimen, por lo que se revisar\u00e1 el circulo social, pol\u00edtico y personal del pol\u00edtico, ante lo que dijo, fue un ataque directo.<\/p>\n\n\n\n<p>De acuerdo con el funcionario, el aspirante hab\u00eda manifestado a trav\u00e9s de conocidos que ten\u00eda miedo de que algo le ocurriera una vez que iniciara su campa\u00f1a, por lo que tuvo un acercamiento con las autoridades ante algunas amenazas que presuntamente tuvo.<\/p>\n\n\n\n<p>\u00abTenemos un antecedente de que\u00a0se sent\u00eda nervioso y amenazado\u00a0e incluso fue a una agencia del Ministerio P\u00fabico a querer solicitar protecci\u00f3n una vez que iniciara su campa\u00f1a pol\u00edtica, se le dio asesoramiento para poder establecer las medidas; qued\u00f3 en que regresar\u00eda y ya no lo hizo.<\/p>\n\n\n\n<p>\u00c9l ya no regres\u00f3, se le orient\u00f3, se le dio el asesoramiento. Platic\u00f3 con uno de los polic\u00edas ministeriales y se le invit\u00f3 a que presentara su denuncia; sin embargo, qued\u00f3 de regresar ya no lo hizo lamentablemente\u00bb, dijo.<\/p>\n\n\n\n<p>Fuente: Milenio<\/p>\n","protected":false},"excerpt":{"rendered":"<p>La Fiscal\u00eda General del Estado de Quintana Roo difundi\u00f3 el retrato hablado de una persona presuntamente involucrada en el\u00a0homicidio de\u00a0Ignacio S\u00e1nchez Cordero, aspirante a la presidencia municipal\u00a0en Puerto Morelos. En entrevista con\u00a0Milenio Televisi\u00f3n, \u00d3scar Montes de Oca, fiscal de la entidad, mencion\u00f3 que hasta el momento se analizan diversas l\u00edneas de investigaci\u00f3n en este crimen,<a class=\"read-more\" href=\"https:\/\/globalnewsmexico.com\/sitio\/difunden-retrato-hablado-de-presunto-implicado-en-homicidio-de-candidato-en-qroo\/\">Leer m\u00e1s<\/a><\/p>\n","protected":false},"author":5,"featured_media":62148,"comment_status":"closed","ping_status":"open","sticky":false,"template":"","format":"standard","meta":{"spay_email":"","footnotes":""},"categories":[37,8,49,52],"tags":[],"jetpack_featured_media_url":"https:\/\/i1.wp.com\/globalnewsmexico.com\/sitio\/wp-content\/uploads\/2021\/02\/persona-presuntamente-implicada_0_97_809_503.jpg?fit=958%2C596&ssl=1","jetpack_sharing_enabled":true,"jetpack_shortlink":"https:\/\/wp.me\/p9yqPL-gan","jetpack_likes_enabled":true,"_links":{"self":[{"href":"https:\/\/globalnewsmexico.com\/sitio\/wp-json\/wp\/v2\/posts\/62147"}],"collection":[{"href":"https:\/\/globalnewsmexico.com\/sitio\/wp-json\/wp\/v2\/posts"}],"about":[{"href":"https:\/\/globalnewsmexico.com\/sitio\/wp-json\/wp\/v2\/types\/post"}],"author":[{"embeddable":true,"href":"https:\/\/globalnewsmexico.com\/sitio\/wp-json\/wp\/v2\/users\/5"}],"replies":[{"embeddable":true,"href":"https:\/\/globalnewsmexico.com\/sitio\/wp-json\/wp\/v2\/comments?post=62147"}],"version-history":[{"count":0,"href":"https:\/\/globalnewsmexico.com\/sitio\/wp-json\/wp\/v2\/posts\/62147\/revisions"}],"wp:featuredmedia":[{"embeddable":true,"href":"https:\/\/globalnewsmexico.com\/sitio\/wp-json\/wp\/v2\/media\/62148"}],"wp:attachment":[{"href":"https:\/\/globalnewsmexico.com\/sitio\/wp-json\/wp\/v2\/media?parent=62147"}],"wp:term":[{"taxonomy":"category","embeddable":true,"href":"https:\/\/globalnewsmexico.com\/sitio\/wp-json\/wp\/v2\/categories?post=62147"},{"taxonomy":"post_tag","embeddable":true,"href":"https:\/\/globalnewsmexico.com\/sitio\/wp-json\/wp\/v2\/tags?post=62147"}],"curies":[{"name":"wp","href":"https:\/\/api.w.org\/{rel}","templated":true}]}}