{"id":62163,"date":"2021-02-25T16:08:26","date_gmt":"2021-02-25T22:08:26","guid":{"rendered":"http:\/\/globalnewsmexico.com\/sitio\/?p=62163"},"modified":"2021-02-25T16:08:42","modified_gmt":"2021-02-25T22:08:42","slug":"juez-ordena-liberacion-de-el-guero-palma-lider-fundador-del-cartel-de-sinaloa","status":"publish","type":"post","link":"https:\/\/globalnewsmexico.com\/sitio\/juez-ordena-liberacion-de-el-guero-palma-lider-fundador-del-cartel-de-sinaloa\/","title":{"rendered":"Juez ordena liberaci\u00f3n de &#8216;El G\u00fcero&#8217; Palma, l\u00edder fundador del C\u00e1rtel de Sinaloa"},"content":{"rendered":"\n<p>Un juez federal orden\u00f3 la liberaci\u00f3n de\u00a0H\u00e9ctor Palma Salazar, &#8216;El\u00a0G\u00fcero Palma&#8217;, fundador del\u00a0C\u00e1rtel de Sinaloa\u00a0y actualmente recluido en un penal del\u00a0Altiplano, donde estar\u00eda a la espera de algunos tr\u00e1mites para abandonar el centro penitenciario.<\/p>\n\n\n\n<p>&#8216;El G\u00fcero Palma&#8217; fue encarcelado en junio de 1995 en M\u00e9xico y extraditado a Estados Unidos en 2007, acusado por\u00a0narcotr\u00e1fico, cargo del que se declar\u00f3 culpable por lo que fue sentenciado a 16 a\u00f1os de prisi\u00f3n.<\/p>\n\n\n\n<p>El exsocio de\u00a0Joaqu\u00edn &#8216;El Chapo&#8217; Guzm\u00e1n\u00a0regres\u00f3 a M\u00e9xico en 2016; desde entonces, y luego de obtener una reducci\u00f3n de penas, permaneci\u00f3 en el\u00a0Altiplano\u00a0tras ser detenido por la entonces\u00a0Procuradur\u00eda General de la Rep\u00fablica\u00a0(PGR).<\/p>\n\n\n\n<p>Un documento firmado por el director del\u00a0Altiplano, Marte Camarena Bahena, asegura que el Juez Segundo de Distrito de Procesos Penales Federales con sede en\u00a0Jalisco, fue quien orden\u00f3 la liberaci\u00f3n inmediata de\u00a0Palma Salazar.<\/p>\n\n\n\n<p>\u201cPor medio del presente, me es grato saludarle ya la vez informarle sobre la libertad de la persona privada de su libertad H\u00e9ctor Palma Salazar y \/ o H\u00e9ctor Luis Palma Salazar y \/ o Jes\u00fas H\u00e9ctor Palma Salazar, quien se encuentra recluido en esta unidad administrativa. Lo anterior con la finalidad de dar debido cumplimiento al ordenado por el Reglamento de los Centros Federales de Readaptaci\u00f3n Social\u201d, expone el oficio.<\/p>\n\n\n\n<p>Hasta el momento, ni autoridades federales ni de Jalisco se han pronunciado sobre la liberaci\u00f3n del fundador del\u00a0C\u00e1rtel de Sinaloa.<\/p>\n\n\n\n<p>Apenas en diciembre de 2020, un juez federal suspendi\u00f3 el posible traslado del &#8216;El\u00a0G\u00fcero Palma&#8217; a cualquier penal federal del pa\u00eds y orden\u00f3 que permaneciera en el Altiplano.<\/p>\n\n\n\n<p>\u201cSe decreta de plano y oficio la suspensi\u00f3n del acto tendente a trasladar al quejoso a diverso centro de reclusi\u00f3n en el que ahora se encuentra, debiendo las autoridades responsables informar, en un t\u00e9rmino no mayor a 24 horas, el cumplimiento que den a esta determinaci\u00f3n\u201d, seg\u00fan el\u00a0acuerdo\u00a0publicado por el Consejo de la Judicatura Federal (CJF).<\/p>\n\n\n\n<p>Fuente: Latinus<\/p>\n","protected":false},"excerpt":{"rendered":"<p>Un juez federal orden\u00f3 la liberaci\u00f3n de\u00a0H\u00e9ctor Palma Salazar, &#8216;El\u00a0G\u00fcero Palma&#8217;, fundador del\u00a0C\u00e1rtel de Sinaloa\u00a0y actualmente recluido en un penal del\u00a0Altiplano, donde estar\u00eda a la espera de algunos tr\u00e1mites para abandonar el centro penitenciario. &#8216;El G\u00fcero Palma&#8217; fue encarcelado en junio de 1995 en M\u00e9xico y extraditado a Estados Unidos en 2007, acusado por\u00a0narcotr\u00e1fico, cargo<a class=\"read-more\" href=\"https:\/\/globalnewsmexico.com\/sitio\/juez-ordena-liberacion-de-el-guero-palma-lider-fundador-del-cartel-de-sinaloa\/\">Leer m\u00e1s<\/a><\/p>\n","protected":false},"author":5,"featured_media":62164,"comment_status":"closed","ping_status":"open","sticky":false,"template":"","format":"standard","meta":{"spay_email":"","footnotes":""},"categories":[37,8,39,52],"tags":[],"jetpack_featured_media_url":"https:\/\/i1.wp.com\/globalnewsmexico.com\/sitio\/wp-content\/uploads\/2021\/02\/guero-palma-salazar-detenido-altiplano-jalisco-liberacion-1024x529-1.jpg?fit=1024%2C714&ssl=1","jetpack_sharing_enabled":true,"jetpack_shortlink":"https:\/\/wp.me\/p9yqPL-gaD","jetpack_likes_enabled":true,"_links":{"self":[{"href":"https:\/\/globalnewsmexico.com\/sitio\/wp-json\/wp\/v2\/posts\/62163"}],"collection":[{"href":"https:\/\/globalnewsmexico.com\/sitio\/wp-json\/wp\/v2\/posts"}],"about":[{"href":"https:\/\/globalnewsmexico.com\/sitio\/wp-json\/wp\/v2\/types\/post"}],"author":[{"embeddable":true,"href":"https:\/\/globalnewsmexico.com\/sitio\/wp-json\/wp\/v2\/users\/5"}],"replies":[{"embeddable":true,"href":"https:\/\/globalnewsmexico.com\/sitio\/wp-json\/wp\/v2\/comments?post=62163"}],"version-history":[{"count":0,"href":"https:\/\/globalnewsmexico.com\/sitio\/wp-json\/wp\/v2\/posts\/62163\/revisions"}],"wp:featuredmedia":[{"embeddable":true,"href":"https:\/\/globalnewsmexico.com\/sitio\/wp-json\/wp\/v2\/media\/62164"}],"wp:attachment":[{"href":"https:\/\/globalnewsmexico.com\/sitio\/wp-json\/wp\/v2\/media?parent=62163"}],"wp:term":[{"taxonomy":"category","embeddable":true,"href":"https:\/\/globalnewsmexico.com\/sitio\/wp-json\/wp\/v2\/categories?post=62163"},{"taxonomy":"post_tag","embeddable":true,"href":"https:\/\/globalnewsmexico.com\/sitio\/wp-json\/wp\/v2\/tags?post=62163"}],"curies":[{"name":"wp","href":"https:\/\/api.w.org\/{rel}","templated":true}]}}