{"id":62212,"date":"2021-02-26T11:44:38","date_gmt":"2021-02-26T17:44:38","guid":{"rendered":"http:\/\/globalnewsmexico.com\/sitio\/?p=62212"},"modified":"2021-02-26T11:44:46","modified_gmt":"2021-02-26T17:44:46","slug":"secretario-de-estado-de-ee-uu-inicia-visita-virtual-a-mexico","status":"publish","type":"post","link":"https:\/\/globalnewsmexico.com\/sitio\/secretario-de-estado-de-ee-uu-inicia-visita-virtual-a-mexico\/","title":{"rendered":"Secretario de Estado de EE. UU. inicia visita virtual a M\u00e9xico"},"content":{"rendered":"\n<p>El secretario de Estado de Estados Unidos, Antony Blinken, se encuentra de visita virtual en M\u00e9xico para reunirse con el canciller Marcelo Ebrard y la titular de la Secretar\u00eda de Econom\u00eda, Tatiana Clouthier.<\/p>\n\n\n\n<p>En su cuenta de Twitter, Blinken adelant\u00f3 que los temas a tratar son el compromiso de Estados Unidos de trabajar con M\u00e9xico en torno al Covid-19, promover el comercio y la inversi\u00f3n, as\u00ed como implementar un enfoque integral de la migraci\u00f3n regional.<\/p>\n\n\n\n<p>\u00ab\u00a1Genial estar &#8216;en&#8217; M\u00e9xico! La relaci\u00f3n M\u00e9xico-Estados Unidos impacta la vida diaria de los ciudadanos de ambos pa\u00edses. Hoy hablo de nuestro compromiso de trabajar con M\u00e9xico en COVID-19, promover el comercio y la inversi\u00f3n e implementar un enfoque integral de la migraci\u00f3n regional\u00bb, escribi\u00f3.<\/p>\n\n\n\n<p>A las 10:00 horas, el secretario particip\u00f3 en un recorrido pregrabado &#8216;Ingrese a M\u00e9xico&#8217; a trav\u00e9s del puerto de entrada de El Paso \/ Ciudad Ju\u00e1rez, desde el Departamento de Estado.<\/p>\n\n\n\n<p>Mientras que a las 10:35 horas, se reuni\u00f3 virtualmente con Marcelo Ebrard, y posteriormente, a las 11:25 horas, hizo lo propio con Tatiana Clouthier.<\/p>\n\n\n\n<p>Para las 12:15 horas est\u00e1 programado que Blinken d\u00e9 un saludo pregrabado al personal de la Misi\u00f3n de los Estados Unidos en M\u00e9xico.<\/p>\n\n\n\n<p>Fuente: Exc\u00e9lsior<\/p>\n","protected":false},"excerpt":{"rendered":"<p>El secretario de Estado de Estados Unidos, Antony Blinken, se encuentra de visita virtual en M\u00e9xico para reunirse con el canciller Marcelo Ebrard y la titular de la Secretar\u00eda de Econom\u00eda, Tatiana Clouthier. En su cuenta de Twitter, Blinken adelant\u00f3 que los temas a tratar son el compromiso de Estados Unidos de trabajar con M\u00e9xico<a class=\"read-more\" href=\"https:\/\/globalnewsmexico.com\/sitio\/secretario-de-estado-de-ee-uu-inicia-visita-virtual-a-mexico\/\">Leer m\u00e1s<\/a><\/p>\n","protected":false},"author":5,"featured_media":62213,"comment_status":"closed","ping_status":"open","sticky":false,"template":"","format":"standard","meta":{"spay_email":"","footnotes":""},"categories":[37,8,39,52],"tags":[],"jetpack_featured_media_url":"https:\/\/i0.wp.com\/globalnewsmexico.com\/sitio\/wp-content\/uploads\/2021\/02\/2536229.jpg?fit=1024%2C768&ssl=1","jetpack_sharing_enabled":true,"jetpack_shortlink":"https:\/\/wp.me\/p9yqPL-gbq","jetpack_likes_enabled":true,"_links":{"self":[{"href":"https:\/\/globalnewsmexico.com\/sitio\/wp-json\/wp\/v2\/posts\/62212"}],"collection":[{"href":"https:\/\/globalnewsmexico.com\/sitio\/wp-json\/wp\/v2\/posts"}],"about":[{"href":"https:\/\/globalnewsmexico.com\/sitio\/wp-json\/wp\/v2\/types\/post"}],"author":[{"embeddable":true,"href":"https:\/\/globalnewsmexico.com\/sitio\/wp-json\/wp\/v2\/users\/5"}],"replies":[{"embeddable":true,"href":"https:\/\/globalnewsmexico.com\/sitio\/wp-json\/wp\/v2\/comments?post=62212"}],"version-history":[{"count":0,"href":"https:\/\/globalnewsmexico.com\/sitio\/wp-json\/wp\/v2\/posts\/62212\/revisions"}],"wp:featuredmedia":[{"embeddable":true,"href":"https:\/\/globalnewsmexico.com\/sitio\/wp-json\/wp\/v2\/media\/62213"}],"wp:attachment":[{"href":"https:\/\/globalnewsmexico.com\/sitio\/wp-json\/wp\/v2\/media?parent=62212"}],"wp:term":[{"taxonomy":"category","embeddable":true,"href":"https:\/\/globalnewsmexico.com\/sitio\/wp-json\/wp\/v2\/categories?post=62212"},{"taxonomy":"post_tag","embeddable":true,"href":"https:\/\/globalnewsmexico.com\/sitio\/wp-json\/wp\/v2\/tags?post=62212"}],"curies":[{"name":"wp","href":"https:\/\/api.w.org\/{rel}","templated":true}]}}