{"id":62254,"date":"2021-02-26T20:20:45","date_gmt":"2021-02-27T02:20:45","guid":{"rendered":"http:\/\/globalnewsmexico.com\/sitio\/?p=62254"},"modified":"2021-02-26T20:20:51","modified_gmt":"2021-02-27T02:20:51","slug":"rocio-nahle-inaugurara-la-lx-convencion-nacional-imiq-2021-organizada-desde-coatzacoalcos","status":"publish","type":"post","link":"https:\/\/globalnewsmexico.com\/sitio\/rocio-nahle-inaugurara-la-lx-convencion-nacional-imiq-2021-organizada-desde-coatzacoalcos\/","title":{"rendered":"Roc\u00edo Nahle inaugurar\u00e1 la LX Convenci\u00f3n Nacional IMIQ 2021 organizada desde Coatzacoalcos"},"content":{"rendered":"\n<p>La secretaria de Energ\u00eda del Gobierno federal, Roc\u00edo Nahle Garc\u00eda, inaugurar\u00e1 este pr\u00f3ximo 3 de marzo la LX Convenci\u00f3n Nacional del Instituto Mexicano de Ingeniero Qu\u00edmicos 2021, que por hist\u00f3rica vez se desarrollar\u00e1 de manera virtual a trav\u00e9s de plataformas digitales debido a la pandemia del Covid-19.<\/p>\n\n\n\n<p>El ingeniero Juan de Dios Mastachi P\u00e9rez, quien es el presidente nacional del IMIQ, inform\u00f3 que la LX Convenci\u00f3n Nacional se llevar\u00e1 a cabo desde el 3 de marzo hasta el 6 de marzo de este 2021con la participaci\u00f3n de destacados investigadores y profesionistas del ramo industrial qu\u00edmico, petroqu\u00edmico y del sector energ\u00e9tico.<\/p>\n\n\n\n<p>Adem\u00e1s de la funcionaria del gabinete, tambi\u00e9n se contar\u00e1 con la participaci\u00f3n virtual del presidente nacional del Instituto Mexicano del Petr\u00f3leo, Marco Antonio Osorio Bonilla; de Rafael Mar\u00edn Mollinedo, titular del Corredor Interoce\u00e1nico del Istmo de Tehuantepec y del alcalde de Coatzacoalcos, V\u00edctor Manuel Carranza Rosaldo, as\u00ed como la diversa representaci\u00f3n del sector industrial, acad\u00e9mico y empresarial.<\/p>\n\n\n\n<p>Despu\u00e9s de 59 a\u00f1os de ediciones consecutivas de la Expo IMIQ, por hist\u00f3rica ocasi\u00f3n la LX Convenci\u00f3n Nacional ser\u00e1 desarrollada de manera virtual con la participaci\u00f3n de las 20 secciones locales que tiene el Instituto a nivel nacional, as\u00ed como de todas sus secciones estudiantiles en todas las Universidades y planteles tecnol\u00f3gicos del pa\u00eds.<\/p>\n\n\n\n<p>Para esta edici\u00f3n, Mastachi P\u00e9rez explic\u00f3 que los ejes tem\u00e1ticos de la Convenci\u00f3n estar\u00e1n basados en: Desarrollo Econ\u00f3mico, Sustentabilidad y Equidad, cuyos conceptos ser\u00e1n abordados a fondo a trav\u00e9s de las sesiones t\u00e9cnicas, sesiones panel y conferencias magistrales que se convocar\u00e1n a trav\u00e9s de las plataformas digitales.<\/p>\n\n\n\n<p>\u201cAunque podr\u00e1n conectarse de diversas partes del mundo, Coatzacoalcos ser\u00e1 el centro de operaciones para todas las transmisiones en vivo. Se pretende resaltar a Coatzacoalcos como un polo de desarrollo importante para la industria petroqu\u00edmica que ha ido en decadencia. Con este evento, se pretende contrarrestar los efectos de la crisis y que Coatzacoalcos vuelva a crecer a\u00fan m\u00e1s, impulsar la ciudad es parte de los objetivos\u201d, mencion\u00f3 el presidente nacional del IMIQ.<\/p>\n\n\n\n<p>Por su parte, el Maestro en Ciencias Carlos Gonz\u00e1lez Vicencio, confirm\u00f3 que para la Expo IMIQ participar\u00e1n 31 empresas del sector industrial, prestadores de servicios as\u00ed como planteles educativos p\u00fablicos y privados.<\/p>\n\n\n\n<p>En total, ser\u00e1n 60 horas de sesiones t\u00e9cnicas y 8 paneles de an\u00e1lisis y discusi\u00f3n con expertos, mencion\u00f3 Gonz\u00e1lez Vicencio.<\/p>\n\n\n\n<p>Del programa general, destaca la participaci\u00f3n de la Secretaria de Energ\u00eda, Roc\u00edo Nahle, con una conferencia magistral para este mi\u00e9rcoles 3 de marzo a las 18 horas.<\/p>\n\n\n\n<p>Para este jueves 4 de marzo, a las 12 horas, se contar\u00e1 tambi\u00e9n con la participaci\u00f3n del Doctor Jes\u00fas Izquierdo (Office of The Chief Engineer ITER Programme) desde Bruselas, que abordar\u00e1 los temas de Fusi\u00f3n Nuclear y el Proyecto ITER.<\/p>\n\n\n\n<p>Ese mismo d\u00eda, el jueves 4 de marzo a las13 horas estar\u00e1 la doctora Blanca Jim\u00e9nez Cisneros, quien es la directora nacional de la Comisi\u00f3n Nacional del Agua (CONAGUA) que impartir\u00e1 la conferencia magistral \u00abProblemas y Retos de la Sustentabilidad de los Recursos H\u00eddricos en M\u00e9xico\u00bb.<\/p>\n\n\n\n<p>El viernes 5 de marzo, a las 12 horas, estar\u00e1 participando el Ingeniero Jos\u00e9 Bravo, de Fractionation Research, Inc; con el tema de \u201cImpacto de la Industria 4.0 en los procesos de Separaci\u00f3n de Ingenier\u00eda Qu\u00edmica\u201d.<\/p>\n\n\n\n<p>Si usted desea mayor informaci\u00f3n de la LX Convenci\u00f3n Nacional IMIQ 2021, visite la p\u00e1gina oficial del Instituto: http:\/\/www.imiq.com.mx\/ o para inscripciones al tel\u00e9fono 55 5250 4857 y siguientes correos: imiqac@podernet.com.mx, imiqsec@podernet.com.mx, lupitaimiqac@hotmail.com<\/p>\n\n\n\n<p>Durante la presentaci\u00f3n del programa de actividades de la Convenci\u00f3n, asistieron adem\u00e1s del presidente del IMIQ, ingenero Juan de Dios Mastachi, el ingeniero Jos\u00e9 Napole\u00f3n Ruiz Pons, Secretario del IMIQ; el ingeniero V\u00edctor Hugo Mart\u00ednez Moreno, Tesorero del IMIQ Nacional y el M. en C.Carlos Gonz\u00e1lez Vicencio &#8211; Director de Convenci\u00f3n del Instituto Mexicano de Ingenieros Qu\u00edmicos.<\/p>\n","protected":false},"excerpt":{"rendered":"<p>La secretaria de Energ\u00eda del Gobierno federal, Roc\u00edo Nahle Garc\u00eda, inaugurar\u00e1 este pr\u00f3ximo 3 de marzo la LX Convenci\u00f3n Nacional del Instituto Mexicano de Ingeniero Qu\u00edmicos 2021, que por hist\u00f3rica vez se desarrollar\u00e1 de manera virtual a trav\u00e9s de plataformas digitales debido a la pandemia del Covid-19. El ingeniero Juan de Dios Mastachi P\u00e9rez, quien<a class=\"read-more\" href=\"https:\/\/globalnewsmexico.com\/sitio\/rocio-nahle-inaugurara-la-lx-convencion-nacional-imiq-2021-organizada-desde-coatzacoalcos\/\">Leer m\u00e1s<\/a><\/p>\n","protected":false},"author":5,"featured_media":62255,"comment_status":"closed","ping_status":"open","sticky":false,"template":"","format":"standard","meta":{"spay_email":"","footnotes":""},"categories":[37,8,50,52],"tags":[],"jetpack_featured_media_url":"https:\/\/i1.wp.com\/globalnewsmexico.com\/sitio\/wp-content\/uploads\/2021\/02\/e982db24-04e2-4ca9-b6d1-b073fca69322.jpg?fit=1024%2C654&ssl=1","jetpack_sharing_enabled":true,"jetpack_shortlink":"https:\/\/wp.me\/p9yqPL-gc6","jetpack_likes_enabled":true,"_links":{"self":[{"href":"https:\/\/globalnewsmexico.com\/sitio\/wp-json\/wp\/v2\/posts\/62254"}],"collection":[{"href":"https:\/\/globalnewsmexico.com\/sitio\/wp-json\/wp\/v2\/posts"}],"about":[{"href":"https:\/\/globalnewsmexico.com\/sitio\/wp-json\/wp\/v2\/types\/post"}],"author":[{"embeddable":true,"href":"https:\/\/globalnewsmexico.com\/sitio\/wp-json\/wp\/v2\/users\/5"}],"replies":[{"embeddable":true,"href":"https:\/\/globalnewsmexico.com\/sitio\/wp-json\/wp\/v2\/comments?post=62254"}],"version-history":[{"count":0,"href":"https:\/\/globalnewsmexico.com\/sitio\/wp-json\/wp\/v2\/posts\/62254\/revisions"}],"wp:featuredmedia":[{"embeddable":true,"href":"https:\/\/globalnewsmexico.com\/sitio\/wp-json\/wp\/v2\/media\/62255"}],"wp:attachment":[{"href":"https:\/\/globalnewsmexico.com\/sitio\/wp-json\/wp\/v2\/media?parent=62254"}],"wp:term":[{"taxonomy":"category","embeddable":true,"href":"https:\/\/globalnewsmexico.com\/sitio\/wp-json\/wp\/v2\/categories?post=62254"},{"taxonomy":"post_tag","embeddable":true,"href":"https:\/\/globalnewsmexico.com\/sitio\/wp-json\/wp\/v2\/tags?post=62254"}],"curies":[{"name":"wp","href":"https:\/\/api.w.org\/{rel}","templated":true}]}}