{"id":62315,"date":"2021-02-27T22:51:52","date_gmt":"2021-02-28T04:51:52","guid":{"rendered":"http:\/\/globalnewsmexico.com\/sitio\/?p=62315"},"modified":"2021-02-27T22:52:33","modified_gmt":"2021-02-28T04:52:33","slug":"todo-un-exito-la-estrategia-de-apoyo-temporal-para-personas-desempleadas-a-causa-de-la-emergencia-por-covid-19-rosalinda-galindo","status":"publish","type":"post","link":"https:\/\/globalnewsmexico.com\/sitio\/todo-un-exito-la-estrategia-de-apoyo-temporal-para-personas-desempleadas-a-causa-de-la-emergencia-por-covid-19-rosalinda-galindo\/","title":{"rendered":"Todo un \u00e9xito la Estrategia de Apoyo Temporal para Personas Desempleadas a Causa de la Emergencia por Covid-19 : Rosalinda Galindo"},"content":{"rendered":"\n<p>La diputada xalape\u00f1a por Morena, Rosalinda Galindo Silva, felicit\u00f3 y reconoci\u00f3 la buena labor del Gobierno del Estado en el manejo eficiente del recurso p\u00fablico.<\/p>\n\n\n\n<p>Al asistir al Recorrido de Estrategia de Apoyo Temporal para Personas Desempleadas a Causa de la Emergencia por Covid-19, la legisladora recorri\u00f3 y supervis\u00f3 el vivero a cargo de la Secretar\u00eda de Medio Ambiente.<\/p>\n\n\n\n<p>Al respecto, la diputada presidenta de la Comisi\u00f3n Permanente de Hacienda del Estado del Congreso de Veracruz, reconoci\u00f3 el trabajo del Gobierno del Estado en materia financiera.<\/p>\n\n\n\n<p>\u201cMe da mucho gusto estar aqu\u00ed, acompa\u00f1\u00e1ndolos en esta clausura de la estrategia de empleo temporal, porque me doy cuenta que el recurso que fue empleado para llevarla a cabo, es un recurso pues que se emple\u00f3 y ocup\u00f3 de una manera eficiente\u201d, fueron las palabras de la legisladora de Xalapa.<\/p>\n\n\n\n<p>Adem\u00e1s, la diputada dio a conocer que este Programa de Empleo Temporal gener\u00f3 m\u00e1s de 10 mil empleos por tres meses en las diez regiones del Estado de Veracruz.<\/p>\n\n\n\n<p>Por \u00faltimo, Rosalinda Galindo, felicit\u00f3 a la Secretaria del Trabajo, Previsi\u00f3n Social y Productividad, Diana Ar\u00f3stegui, por llevar a cabo esta exitosa estrategia.<\/p>\n","protected":false},"excerpt":{"rendered":"<p>La diputada xalape\u00f1a por Morena, Rosalinda Galindo Silva, felicit\u00f3 y reconoci\u00f3 la buena labor del Gobierno del Estado en el manejo eficiente del recurso p\u00fablico. Al asistir al Recorrido de Estrategia de Apoyo Temporal para Personas Desempleadas a Causa de la Emergencia por Covid-19, la legisladora recorri\u00f3 y supervis\u00f3 el vivero a cargo de la<a class=\"read-more\" href=\"https:\/\/globalnewsmexico.com\/sitio\/todo-un-exito-la-estrategia-de-apoyo-temporal-para-personas-desempleadas-a-causa-de-la-emergencia-por-covid-19-rosalinda-galindo\/\">Leer m\u00e1s<\/a><\/p>\n","protected":false},"author":5,"featured_media":62316,"comment_status":"closed","ping_status":"open","sticky":false,"template":"","format":"standard","meta":{"spay_email":"","footnotes":""},"categories":[37,8,50,52],"tags":[],"jetpack_featured_media_url":"https:\/\/i0.wp.com\/globalnewsmexico.com\/sitio\/wp-content\/uploads\/2021\/02\/4adaa231-c313-4dcf-a2c3-9eeef41cc74a.jpg?fit=1024%2C682&ssl=1","jetpack_sharing_enabled":true,"jetpack_shortlink":"https:\/\/wp.me\/p9yqPL-gd5","jetpack_likes_enabled":true,"_links":{"self":[{"href":"https:\/\/globalnewsmexico.com\/sitio\/wp-json\/wp\/v2\/posts\/62315"}],"collection":[{"href":"https:\/\/globalnewsmexico.com\/sitio\/wp-json\/wp\/v2\/posts"}],"about":[{"href":"https:\/\/globalnewsmexico.com\/sitio\/wp-json\/wp\/v2\/types\/post"}],"author":[{"embeddable":true,"href":"https:\/\/globalnewsmexico.com\/sitio\/wp-json\/wp\/v2\/users\/5"}],"replies":[{"embeddable":true,"href":"https:\/\/globalnewsmexico.com\/sitio\/wp-json\/wp\/v2\/comments?post=62315"}],"version-history":[{"count":0,"href":"https:\/\/globalnewsmexico.com\/sitio\/wp-json\/wp\/v2\/posts\/62315\/revisions"}],"wp:featuredmedia":[{"embeddable":true,"href":"https:\/\/globalnewsmexico.com\/sitio\/wp-json\/wp\/v2\/media\/62316"}],"wp:attachment":[{"href":"https:\/\/globalnewsmexico.com\/sitio\/wp-json\/wp\/v2\/media?parent=62315"}],"wp:term":[{"taxonomy":"category","embeddable":true,"href":"https:\/\/globalnewsmexico.com\/sitio\/wp-json\/wp\/v2\/categories?post=62315"},{"taxonomy":"post_tag","embeddable":true,"href":"https:\/\/globalnewsmexico.com\/sitio\/wp-json\/wp\/v2\/tags?post=62315"}],"curies":[{"name":"wp","href":"https:\/\/api.w.org\/{rel}","templated":true}]}}