{"id":62320,"date":"2021-03-01T09:31:50","date_gmt":"2021-03-01T15:31:50","guid":{"rendered":"http:\/\/globalnewsmexico.com\/sitio\/?p=62320"},"modified":"2021-03-01T09:31:59","modified_gmt":"2021-03-01T15:31:59","slug":"estoy-internado-para-recibir-tratamiento-intravenoso-lopez-gatell-tras-hospitalizacion","status":"publish","type":"post","link":"https:\/\/globalnewsmexico.com\/sitio\/estoy-internado-para-recibir-tratamiento-intravenoso-lopez-gatell-tras-hospitalizacion\/","title":{"rendered":"Estoy internado para recibir tratamiento intravenoso: L\u00f3pez-Gatell tras hospitalizaci\u00f3n"},"content":{"rendered":"\n<p>Hugo L\u00f3pez-Gatell Ram\u00edrez,\u00a0subsecretario de Prevenci\u00f3n y Promoci\u00f3n de la Salud, inform\u00f3 que\u00a0efectivamente \u00abestoy en la Unidad de Atenci\u00f3n Temporal Banamex. Entr\u00e9 el mi\u00e9rcoles a mediod\u00eda\u00bb, a trav\u00e9s de una carta dirigida a la opini\u00f3n p\u00fablica.<\/p>\n\n\n\n<p>\u201cNo me hospitalizaron por estar delicado,\u00a0sino para recibir el tratamiento, que es intravenoso\u00a0y m\u00e1s f\u00e1cil de manejar que en casa\u201d, explic\u00f3.<\/p>\n\n\n\n<p>Indic\u00f3 que, desde su ingreso hasta el momento, su funci\u00f3n respiratoria es normal, \u00absaturo 98 por ciento con m\u00ednimo aporte de ox\u00edgeno suplementario\u00bb.<\/p>\n\n\n\n<p>\u201cM\u00e9dicamente mi presentaci\u00f3n covid se considera moderada. En cuanto termine el tratamiento ir\u00e9 a casa, ma\u00f1ana o el martes.\u00a0Me siento muy bien de \u00e1nimo y apetito. Me he podido relajar mentalmente\u201d, dijo en la carta.<\/p>\n\n\n\n<p>Agreg\u00f3 que la atenci\u00f3n en la Unidad de Banamex ha sido excelente y que cuando salga lo comentar\u00e1 en las conferencias vespertinas, donde informa sobre la situaci\u00f3n del coronavirus en M\u00e9xico.<\/p>\n\n\n\n<div class=\"wp-block-image\"><figure class=\"aligncenter\"><img decoding=\"async\" src=\"https:\/\/i1.wp.com\/www.milenio.com\/uploads\/media\/2021\/03\/01\/hugo-lopez-gatell-dirigio-carta.jpeg?w=800&#038;ssl=1\" alt=\"\" data-recalc-dims=\"1\"\/><\/figure><\/div>\n\n\n\n<p>Fuente: Milenio<\/p>\n","protected":false},"excerpt":{"rendered":"<p>Hugo L\u00f3pez-Gatell Ram\u00edrez,\u00a0subsecretario de Prevenci\u00f3n y Promoci\u00f3n de la Salud, inform\u00f3 que\u00a0efectivamente \u00abestoy en la Unidad de Atenci\u00f3n Temporal Banamex. Entr\u00e9 el mi\u00e9rcoles a mediod\u00eda\u00bb, a trav\u00e9s de una carta dirigida a la opini\u00f3n p\u00fablica. \u201cNo me hospitalizaron por estar delicado,\u00a0sino para recibir el tratamiento, que es intravenoso\u00a0y m\u00e1s f\u00e1cil de manejar que en casa\u201d,<a class=\"read-more\" href=\"https:\/\/globalnewsmexico.com\/sitio\/estoy-internado-para-recibir-tratamiento-intravenoso-lopez-gatell-tras-hospitalizacion\/\">Leer m\u00e1s<\/a><\/p>\n","protected":false},"author":5,"featured_media":62321,"comment_status":"closed","ping_status":"open","sticky":false,"template":"","format":"standard","meta":{"spay_email":"","footnotes":""},"categories":[37,8,39,52],"tags":[],"jetpack_featured_media_url":"https:\/\/i2.wp.com\/globalnewsmexico.com\/sitio\/wp-content\/uploads\/2021\/03\/hugo-lopez-gatell-subsecretario-de-14_0_1_1200_745.jpg?fit=958%2C596&ssl=1","jetpack_sharing_enabled":true,"jetpack_shortlink":"https:\/\/wp.me\/p9yqPL-gda","jetpack_likes_enabled":true,"_links":{"self":[{"href":"https:\/\/globalnewsmexico.com\/sitio\/wp-json\/wp\/v2\/posts\/62320"}],"collection":[{"href":"https:\/\/globalnewsmexico.com\/sitio\/wp-json\/wp\/v2\/posts"}],"about":[{"href":"https:\/\/globalnewsmexico.com\/sitio\/wp-json\/wp\/v2\/types\/post"}],"author":[{"embeddable":true,"href":"https:\/\/globalnewsmexico.com\/sitio\/wp-json\/wp\/v2\/users\/5"}],"replies":[{"embeddable":true,"href":"https:\/\/globalnewsmexico.com\/sitio\/wp-json\/wp\/v2\/comments?post=62320"}],"version-history":[{"count":0,"href":"https:\/\/globalnewsmexico.com\/sitio\/wp-json\/wp\/v2\/posts\/62320\/revisions"}],"wp:featuredmedia":[{"embeddable":true,"href":"https:\/\/globalnewsmexico.com\/sitio\/wp-json\/wp\/v2\/media\/62321"}],"wp:attachment":[{"href":"https:\/\/globalnewsmexico.com\/sitio\/wp-json\/wp\/v2\/media?parent=62320"}],"wp:term":[{"taxonomy":"category","embeddable":true,"href":"https:\/\/globalnewsmexico.com\/sitio\/wp-json\/wp\/v2\/categories?post=62320"},{"taxonomy":"post_tag","embeddable":true,"href":"https:\/\/globalnewsmexico.com\/sitio\/wp-json\/wp\/v2\/tags?post=62320"}],"curies":[{"name":"wp","href":"https:\/\/api.w.org\/{rel}","templated":true}]}}