{"id":62349,"date":"2021-03-01T13:35:29","date_gmt":"2021-03-01T19:35:29","guid":{"rendered":"http:\/\/globalnewsmexico.com\/sitio\/?p=62349"},"modified":"2021-03-01T13:35:34","modified_gmt":"2021-03-01T19:35:34","slug":"titular-de-la-asf-david-colmenares-comparece-ante-diputados-por-naim","status":"publish","type":"post","link":"https:\/\/globalnewsmexico.com\/sitio\/titular-de-la-asf-david-colmenares-comparece-ante-diputados-por-naim\/","title":{"rendered":"Titular de la ASF, David Colmenares, comparece ante diputados por NAIM"},"content":{"rendered":"\n<p>El titular de la\u00a0Auditor\u00eda Superior de la Federaci\u00f3n (ASF),\u00a0David Colmenares, y su equipo de colaboradores iniciaron su\u00a0comparecencia ante la\u00a0C\u00e1mara de Diputados, para explicar las \u00abinconsistencias\u00bb en la cuantificaci\u00f3n del costo por la cancelaci\u00f3n del\u00a0Nuevo Aeropuerto Internacional de M\u00e9xico (NAIM).<\/p>\n\n\n\n<p>La comparecencia ocurre luego de que el presidente\u00a0Andr\u00e9s Manuel L\u00f3pez Obrador\u00a0envi\u00f3 una carta a la Mesa Directiva del Palacio de San L\u00e1zaro, para solicitar que a los legisladores una investigaci\u00f3n sobre lo que calific\u00f3 como un informe \u00abtendencioso y falso\u00bb sobre el costo de la cancelaci\u00f3n del aeropuerto de Texcoco.\u00a0<\/p>\n\n\n\n<p>El \u00f3rgano superior de fiscalizaci\u00f3n confirm\u00f3 a la Comisi\u00f3n de Vigilancia de la Auditor\u00eda Superior de la Federaci\u00f3n de la C\u00e1mara de Diputados la\u00a0separaci\u00f3n de Agust\u00edn Caso, auditor especial de desempe\u00f1o, como parte del proceso de investigaci\u00f3n sobre las \u00abinconsistencias\u00bb referidas.<\/p>\n\n\n\n<p>Previamente, el presidente de la Junta de Coordinaci\u00f3n Pol\u00edtica (Jucopo) y dirigente parlamentario de Morena en la C\u00e1mara de Diputados,\u00a0Ignacio Mier, advirti\u00f3 que la ASF debe despejar dudas con respecto a si hubo dolo o intencionalidad pol\u00edtica en los resultados de la auditor\u00eda al NAIM\u00a0para afectar la imagen del gobierno del presidente L\u00f3pez Obrador.<\/p>\n\n\n\n<p>Subray\u00f3 que los diputados integrantes de la Comisi\u00f3n de Vigilancia de la ASF deben escuchar y, sobre todo, cuestionar la forma en que se realiz\u00f3 la recopilaci\u00f3n de los datos, y en caso de haber omisiones, sancionar a los responsables.<\/p>\n\n\n\n<p>Sostuvo que el asunto merece una atenci\u00f3n especial y no solo resolverlo con la remoci\u00f3n de un funcionario o cambiarlo dentro de la misma instituci\u00f3n, sino buscar que este tipo de errores no se repitan ni se afecte la imagen tanto de la ASF como de los gobiernos en turno.<\/p>\n\n\n\n<p>\u00abDebemos ser muy responsables, actuar con base en las atribuciones que tenemos como C\u00e1mara de Diputados sobre la Auditor\u00eda Superior de la Federaci\u00f3n y\u00a0buscar que este error se subsane, que haya responsabilidad sobre quienes cometieron el error\u00a0y que esto no manche la imagen de un \u00f3rgano tan importante como \u00e9ste\u00bb, puntualiz\u00f3 el legislador.<\/p>\n\n\n\n<p>Fuente: Milenio<\/p>\n\n\n\n<p><\/p>\n","protected":false},"excerpt":{"rendered":"<p>El titular de la\u00a0Auditor\u00eda Superior de la Federaci\u00f3n (ASF),\u00a0David Colmenares, y su equipo de colaboradores iniciaron su\u00a0comparecencia ante la\u00a0C\u00e1mara de Diputados, para explicar las \u00abinconsistencias\u00bb en la cuantificaci\u00f3n del costo por la cancelaci\u00f3n del\u00a0Nuevo Aeropuerto Internacional de M\u00e9xico (NAIM). La comparecencia ocurre luego de que el presidente\u00a0Andr\u00e9s Manuel L\u00f3pez Obrador\u00a0envi\u00f3 una carta a la Mesa<a class=\"read-more\" href=\"https:\/\/globalnewsmexico.com\/sitio\/titular-de-la-asf-david-colmenares-comparece-ante-diputados-por-naim\/\">Leer m\u00e1s<\/a><\/p>\n","protected":false},"author":5,"featured_media":62350,"comment_status":"closed","ping_status":"open","sticky":false,"template":"","format":"standard","meta":{"spay_email":"","footnotes":""},"categories":[37,8,49,52],"tags":[],"jetpack_featured_media_url":"https:\/\/i2.wp.com\/globalnewsmexico.com\/sitio\/wp-content\/uploads\/2021\/03\/david-colmenares-paramo-titular-asf.jpg?fit=958%2C596&ssl=1","jetpack_sharing_enabled":true,"jetpack_shortlink":"https:\/\/wp.me\/p9yqPL-gdD","jetpack_likes_enabled":true,"_links":{"self":[{"href":"https:\/\/globalnewsmexico.com\/sitio\/wp-json\/wp\/v2\/posts\/62349"}],"collection":[{"href":"https:\/\/globalnewsmexico.com\/sitio\/wp-json\/wp\/v2\/posts"}],"about":[{"href":"https:\/\/globalnewsmexico.com\/sitio\/wp-json\/wp\/v2\/types\/post"}],"author":[{"embeddable":true,"href":"https:\/\/globalnewsmexico.com\/sitio\/wp-json\/wp\/v2\/users\/5"}],"replies":[{"embeddable":true,"href":"https:\/\/globalnewsmexico.com\/sitio\/wp-json\/wp\/v2\/comments?post=62349"}],"version-history":[{"count":0,"href":"https:\/\/globalnewsmexico.com\/sitio\/wp-json\/wp\/v2\/posts\/62349\/revisions"}],"wp:featuredmedia":[{"embeddable":true,"href":"https:\/\/globalnewsmexico.com\/sitio\/wp-json\/wp\/v2\/media\/62350"}],"wp:attachment":[{"href":"https:\/\/globalnewsmexico.com\/sitio\/wp-json\/wp\/v2\/media?parent=62349"}],"wp:term":[{"taxonomy":"category","embeddable":true,"href":"https:\/\/globalnewsmexico.com\/sitio\/wp-json\/wp\/v2\/categories?post=62349"},{"taxonomy":"post_tag","embeddable":true,"href":"https:\/\/globalnewsmexico.com\/sitio\/wp-json\/wp\/v2\/tags?post=62349"}],"curies":[{"name":"wp","href":"https:\/\/api.w.org\/{rel}","templated":true}]}}