{"id":62362,"date":"2021-03-01T15:38:08","date_gmt":"2021-03-01T21:38:08","guid":{"rendered":"http:\/\/globalnewsmexico.com\/sitio\/?p=62362"},"modified":"2021-03-01T15:38:14","modified_gmt":"2021-03-01T21:38:14","slug":"balean-a-presidente-de-la-coparmex-en-san-luis-potosi","status":"publish","type":"post","link":"https:\/\/globalnewsmexico.com\/sitio\/balean-a-presidente-de-la-coparmex-en-san-luis-potosi\/","title":{"rendered":"Balean a presidente de la Coparmex en San Luis Potos\u00ed"},"content":{"rendered":"\n<p>Julio C\u00e9sar Galindo P\u00e9rez, presidente en\u00a0San Luis Potos\u00ed\u00a0de la\u00a0Confederaci\u00f3n Patronal de la Rep\u00fablica Mexicana (Coparmex), fue atacado a balazos en la capital de la entidad, inform\u00f3 la Fiscal\u00eda General del Estado.<\/p>\n\n\n\n<p>En un comunicado, la dependencia explic\u00f3 que alrededor de las 14:00 horas de este lunes se report\u00f3 a los sistemas de emergencia que una persona fue herida con arma de fuego en la avenida Potos\u00ed, en la colonia Lomas.<\/p>\n\n\n\n<p>\u00abLa v\u00edctima fue trasladada por propios medios a un hospital para recibir atenci\u00f3n m\u00e9dica y se est\u00e1 a la espera de su diagn\u00f3stico\u00bb, agreg\u00f3.<\/p>\n\n\n\n<p>A\u00f1adi\u00f3 que la Polic\u00eda de Investigaci\u00f3n (PDI) comenz\u00f3 con las diligencias para identificar a los responsables de la agresi\u00f3n, mientras el \u00e1rea de Servicios Periciales trabaja en la escena de los hechos para recolectar indicios por lo ocurrido.<\/p>\n\n\n\n<p>Fuente: Milenio<\/p>\n","protected":false},"excerpt":{"rendered":"<p>Julio C\u00e9sar Galindo P\u00e9rez, presidente en\u00a0San Luis Potos\u00ed\u00a0de la\u00a0Confederaci\u00f3n Patronal de la Rep\u00fablica Mexicana (Coparmex), fue atacado a balazos en la capital de la entidad, inform\u00f3 la Fiscal\u00eda General del Estado. En un comunicado, la dependencia explic\u00f3 que alrededor de las 14:00 horas de este lunes se report\u00f3 a los sistemas de emergencia que una<a class=\"read-more\" href=\"https:\/\/globalnewsmexico.com\/sitio\/balean-a-presidente-de-la-coparmex-en-san-luis-potosi\/\">Leer m\u00e1s<\/a><\/p>\n","protected":false},"author":5,"featured_media":62363,"comment_status":"closed","ping_status":"open","sticky":false,"template":"","format":"standard","meta":{"spay_email":"","footnotes":""},"categories":[37,8,49,52],"tags":[],"jetpack_featured_media_url":"https:\/\/i1.wp.com\/globalnewsmexico.com\/sitio\/wp-content\/uploads\/2021\/03\/presidente-coparmex-atacado-san-luis.jpeg?fit=958%2C596&ssl=1","jetpack_sharing_enabled":true,"jetpack_shortlink":"https:\/\/wp.me\/p9yqPL-gdQ","jetpack_likes_enabled":true,"_links":{"self":[{"href":"https:\/\/globalnewsmexico.com\/sitio\/wp-json\/wp\/v2\/posts\/62362"}],"collection":[{"href":"https:\/\/globalnewsmexico.com\/sitio\/wp-json\/wp\/v2\/posts"}],"about":[{"href":"https:\/\/globalnewsmexico.com\/sitio\/wp-json\/wp\/v2\/types\/post"}],"author":[{"embeddable":true,"href":"https:\/\/globalnewsmexico.com\/sitio\/wp-json\/wp\/v2\/users\/5"}],"replies":[{"embeddable":true,"href":"https:\/\/globalnewsmexico.com\/sitio\/wp-json\/wp\/v2\/comments?post=62362"}],"version-history":[{"count":0,"href":"https:\/\/globalnewsmexico.com\/sitio\/wp-json\/wp\/v2\/posts\/62362\/revisions"}],"wp:featuredmedia":[{"embeddable":true,"href":"https:\/\/globalnewsmexico.com\/sitio\/wp-json\/wp\/v2\/media\/62363"}],"wp:attachment":[{"href":"https:\/\/globalnewsmexico.com\/sitio\/wp-json\/wp\/v2\/media?parent=62362"}],"wp:term":[{"taxonomy":"category","embeddable":true,"href":"https:\/\/globalnewsmexico.com\/sitio\/wp-json\/wp\/v2\/categories?post=62362"},{"taxonomy":"post_tag","embeddable":true,"href":"https:\/\/globalnewsmexico.com\/sitio\/wp-json\/wp\/v2\/tags?post=62362"}],"curies":[{"name":"wp","href":"https:\/\/api.w.org\/{rel}","templated":true}]}}