{"id":62368,"date":"2021-03-01T16:13:36","date_gmt":"2021-03-01T22:13:36","guid":{"rendered":"http:\/\/globalnewsmexico.com\/sitio\/?p=62368"},"modified":"2021-03-01T16:13:42","modified_gmt":"2021-03-01T22:13:42","slug":"extesorero-de-veracruz-viola-suspension-y-ahora-podra-ser-detenido","status":"publish","type":"post","link":"https:\/\/globalnewsmexico.com\/sitio\/extesorero-de-veracruz-viola-suspension-y-ahora-podra-ser-detenido\/","title":{"rendered":"Extesorero de Veracruz viola suspensi\u00f3n y ahora podr\u00e1 ser detenido"},"content":{"rendered":"\n<p>El extesorero de Veracruz,\u00a0Antonio Tarek Abdal\u00e1 Saad, testigo colaborador de la Fiscal\u00eda General de la Rep\u00fablica (FGR) y cuyo testimonio fue vital para encarcelar al exgobernador Javier Duarte, podr\u00e1 ser detenido porque no acat\u00f3 la medida cautelar que le impuso un juez federal.<\/p>\n\n\n\n<p>En junio de 2020, Antonio Gonz\u00e1lez Garc\u00eda, juez Segundo de Distrito de Amparo en Materia Penal en la Ciudad de M\u00e9xico, otorg\u00f3 al exfuncionario una suspensi\u00f3n definitiva que imped\u00eda la ejecuci\u00f3n de\u00a0dos \u00f3rdenes de captura en su contra, pero como requisito le impuso presentarse ante las autoridades judiciales de Veracruz que lo solicitaron.<\/p>\n\n\n\n<p>El subdirector de Amparo, Civil y Penal de la Fiscal\u00eda General del Estado de Veracruz inform\u00f3 al juez federal que transcurri\u00f3 el t\u00e9rmino otorgado al quejoso, para que compareciera para responder los cargos que se le atribuyen.<\/p>\n\n\n\n<p>Anteriormente, el juez Gonz\u00e1lez Garc\u00eda recibi\u00f3 los oficios de M\u00f3nica Segovia J\u00e1come, juez de Control del Juzgado de Proceso y Procedimiento Penal Oral del XI Distrito Judicial, quien le inform\u00f3 que se instru\u00eda un proceso penal contra Tarek por el\u00a0delito de abuso de autoridad, mientras que Alma Aleida Sosa Jim\u00e9nez, juez de control Juzgado de Proceso y Procedimientos Penal Oral del Distrito Judicial Xalapa, le notific\u00f3 que se instru\u00eda otro proceso por el il\u00edcito de coalici\u00f3n.<\/p>\n\n\n\n<p>Debido a que viol\u00f3 la medida cautelar, el extesorero podr\u00e1 ser detenido por cualquiera de las dos \u00f3rdenes de aprehensi\u00f3n.\u00a0El juez Antonio Gonz\u00e1lez convoc\u00f3 para el pr\u00f3ximo 7 de abril la audiencia donde resolver\u00e1 si concede o no el amparo al quejoso contra las \u00f3rdenes de captura.<\/p>\n\n\n\n<p>Tarek lleva m\u00e1s de dos a\u00f1os sin comparecer ante la justicia de Veracruz, pese a requerimientos judiciales.\u00a0El extesorero\u00a0est\u00e1 bajo la protecci\u00f3n de la FGR por haber otorgado informaci\u00f3n para acusar a Javier Duarte, la cual sirvi\u00f3 para que un juez de control los sentenciara a nueve a\u00f1os de prisi\u00f3n por los delitos de asociaci\u00f3n delictuosa y operaciones con recursos de procedencia il\u00edcita.<\/p>\n\n\n\n<p>Durante el \u00faltimo d\u00eda del sexenio de Enrique Pe\u00f1a Nieto, la entonces Procuradur\u00eda General de la Rep\u00fablica (PGR) otorg\u00f3 el criterio de oportunidad a Tarek Abdal\u00e1, evitando as\u00ed que se le imputara por el presunto desv\u00edo de\u00a055 mil millones de pesos, a pesar de que su nombre aparec\u00eda en 32 carpetas de investigaci\u00f3n y en 11 averiguaciones previas.<\/p>\n\n\n\n<p>Antonio Tarek fue denunciado por peculado, pero el Ministerio P\u00fablico Federal resolvi\u00f3 que el delito que se le deb\u00eda perseguir era uso indebido de atribuciones y facultades.<\/p>\n\n\n\n<p>El criterio de oportunidad no fue impugnado por la Auditor\u00eda Superior de la Federaci\u00f3n (ASF), y el extesorero tampoco repar\u00f3 el da\u00f1o.<\/p>\n\n\n\n<p>El exfuncionario ha promovido diversos amparos para no comparecer en los procesos que se siguen contra el extesorero Fernando Charleston Hern\u00e1ndez y contra Gabriel Deantes Ramos, exsecretario del Trabajo, alegando que goza de un criterio de oportunidad.<\/p>\n\n\n\n<p>Fuente: Milenio<\/p>\n","protected":false},"excerpt":{"rendered":"<p>El extesorero de Veracruz,\u00a0Antonio Tarek Abdal\u00e1 Saad, testigo colaborador de la Fiscal\u00eda General de la Rep\u00fablica (FGR) y cuyo testimonio fue vital para encarcelar al exgobernador Javier Duarte, podr\u00e1 ser detenido porque no acat\u00f3 la medida cautelar que le impuso un juez federal. En junio de 2020, Antonio Gonz\u00e1lez Garc\u00eda, juez Segundo de Distrito de<a class=\"read-more\" href=\"https:\/\/globalnewsmexico.com\/sitio\/extesorero-de-veracruz-viola-suspension-y-ahora-podra-ser-detenido\/\">Leer m\u00e1s<\/a><\/p>\n","protected":false},"author":5,"featured_media":62369,"comment_status":"closed","ping_status":"open","sticky":false,"template":"","format":"standard","meta":{"spay_email":"","footnotes":""},"categories":[37,8,39,52],"tags":[],"jetpack_featured_media_url":"https:\/\/i0.wp.com\/globalnewsmexico.com\/sitio\/wp-content\/uploads\/2021\/03\/antonio-tarek-abdala-saad-tesorero.jpeg?fit=958%2C596&ssl=1","jetpack_sharing_enabled":true,"jetpack_shortlink":"https:\/\/wp.me\/p9yqPL-gdW","jetpack_likes_enabled":true,"_links":{"self":[{"href":"https:\/\/globalnewsmexico.com\/sitio\/wp-json\/wp\/v2\/posts\/62368"}],"collection":[{"href":"https:\/\/globalnewsmexico.com\/sitio\/wp-json\/wp\/v2\/posts"}],"about":[{"href":"https:\/\/globalnewsmexico.com\/sitio\/wp-json\/wp\/v2\/types\/post"}],"author":[{"embeddable":true,"href":"https:\/\/globalnewsmexico.com\/sitio\/wp-json\/wp\/v2\/users\/5"}],"replies":[{"embeddable":true,"href":"https:\/\/globalnewsmexico.com\/sitio\/wp-json\/wp\/v2\/comments?post=62368"}],"version-history":[{"count":0,"href":"https:\/\/globalnewsmexico.com\/sitio\/wp-json\/wp\/v2\/posts\/62368\/revisions"}],"wp:featuredmedia":[{"embeddable":true,"href":"https:\/\/globalnewsmexico.com\/sitio\/wp-json\/wp\/v2\/media\/62369"}],"wp:attachment":[{"href":"https:\/\/globalnewsmexico.com\/sitio\/wp-json\/wp\/v2\/media?parent=62368"}],"wp:term":[{"taxonomy":"category","embeddable":true,"href":"https:\/\/globalnewsmexico.com\/sitio\/wp-json\/wp\/v2\/categories?post=62368"},{"taxonomy":"post_tag","embeddable":true,"href":"https:\/\/globalnewsmexico.com\/sitio\/wp-json\/wp\/v2\/tags?post=62368"}],"curies":[{"name":"wp","href":"https:\/\/api.w.org\/{rel}","templated":true}]}}