{"id":62452,"date":"2021-03-03T10:50:22","date_gmt":"2021-03-03T16:50:22","guid":{"rendered":"http:\/\/globalnewsmexico.com\/sitio\/?p=62452"},"modified":"2021-03-03T10:50:28","modified_gmt":"2021-03-03T16:50:28","slug":"tras-aprobacion-de-reforma-electrica-amlo-busca-renegociar-contrato-con-iberdrola","status":"publish","type":"post","link":"https:\/\/globalnewsmexico.com\/sitio\/tras-aprobacion-de-reforma-electrica-amlo-busca-renegociar-contrato-con-iberdrola\/","title":{"rendered":"Tras aprobaci\u00f3n de reforma el\u00e9ctrica, AMLO busca renegociar contrato con Iberdrola"},"content":{"rendered":"\n<p>Luego de que\u00a0el Congreso de la Uni\u00f3n aprobara las reformas\u00a0a la Ley de la Industria El\u00e9ctrica, el presidente Andr\u00e9s Manuel L\u00f3pez Obrador busca\u00a0renegociar los contratos realizados con Iberdrola y otras 10 empresas m\u00e1s, que le han costado a la Comisi\u00f3n Federal de Electricidad (CFE) alrededor de 300 mil millones de pesos extras.<\/p>\n\n\n\n<p>En su\u00a0conferencia ma\u00f1anera\u00a0en Palacio Nacional, el jefe del Ejecutivo anunci\u00f3 que su gabinete ya empez\u00f3 a analizar y revisar los acuerdos, entre los que se encuentran\u00a0contratos por gas, compra y generaci\u00f3n de energ\u00eda,\u00a0e incluso los de\u00a0Braskem-Idesa, filial de Odebrecht.<\/p>\n\n\n\n<p>\u201cCon la reforma el\u00e9ctrica vamos a poder sentarnos con las empresas y a ver, pong\u00e1monos de acuerdo. Esto es lo justo, \u2018\u00bfpor qu\u00e9 te voy a pagar m\u00e1s por energ\u00eda el\u00e9ctrica de lo que se paga en otros pa\u00edses del mundo?, \u00bfpor qu\u00e9 te voy a dar subsidio si en el mundo no hay subsidio?\u2019 Vamos a estandarizar\u201d, coment\u00f3.<\/p>\n\n\n\n<p>L\u00f3pez Obrador record\u00f3 que esta estrategia ya se hab\u00eda realizado antes con los gasoductos, y record\u00f3 que el prop\u00f3sito\u00a0no es acabar con los contratos, sino beneficiar al pa\u00eds mediante el reforzamiento de las empresas paraestatales, como la CFE.<\/p>\n\n\n\n<p>\u201cLo hemos hecho con el gas, eran contratos de largo plazo, (\u2026) tarifas altas, precios altos, todos esos gasoductos se quedaban con las empresas. Lo mismo con los reclusorios, otro acuerdo. Es lo mismo\u00a0y va a ser lo mismo con Iberdrola\u00a0y con todas estas empresas\u201d, dijo.<\/p>\n\n\n\n<p>El mandatario dio a conocer que se hab\u00edan iniciado las pl\u00e1ticas con Iberdrola,\u00a0pero no hubo respuesta por parte de la energ\u00e9tica espa\u00f1ola, lo que ocasion\u00f3 que propusiera una iniciativa para la modificaci\u00f3n de la ley, establecer marco legal, lograr mejores condiciones para la industria y \u201cdefender el inter\u00e9s p\u00fablico\u201d.<\/p>\n\n\n\n<p>En este sentido, el Presidente\u00a0agradeci\u00f3 al Senado por la aprobaci\u00f3n de la reforma\u00a0que envi\u00f3, la cual, dijo, ayudar\u00e1 a \u201cenfrentar momentos dif\u00edciles\u201d como los apagones ocurridos tras el cese del suministro de gas en Texas,<\/p>\n\n\n\n<p>\u201cSe resolvi\u00f3, se echaron a andar todas las plantas, tomamos la decisi\u00f3n y nos respaldaron la hidroel\u00e9ctricas que se construyeron en la \u00e9poca de L\u00f3pez Mateos y otros gobiernos, y\u00a0ahora vamos a modernizar. Voy a anunciar un plan, vamos a cambiar turbinas para producir energ\u00eda limpia con menos costo,\u00a0vamos a empezar con 14 hidroel\u00e9ctricas\u201d, anunci\u00f3.<\/p>\n\n\n\n<p>El mandatario explic\u00f3 que la l\u00f3gica de su gobierno es mantener a las empresas que est\u00e1n trabajando en el pa\u00eds, pero con contratos actualizados que se ajusten a la nueva realidad econ\u00f3mica y pol\u00edtica de M\u00e9xico.<\/p>\n\n\n\n<p>Dijo que ahora el objetivo es cuidar el patrimonio p\u00fablico y fortalecer el desarrollo de la econom\u00eda con el apoyo del sector empresarial que, asegur\u00f3, es fundamental pues de lo contrario, \u201cno podr\u00eda mejorar la econom\u00eda del pa\u00eds, no habr\u00eda progreso sin la participaci\u00f3n de los empresarios\u201d.<\/p>\n\n\n\n<p>Fuente: Milenio<\/p>\n","protected":false},"excerpt":{"rendered":"<p>Luego de que\u00a0el Congreso de la Uni\u00f3n aprobara las reformas\u00a0a la Ley de la Industria El\u00e9ctrica, el presidente Andr\u00e9s Manuel L\u00f3pez Obrador busca\u00a0renegociar los contratos realizados con Iberdrola y otras 10 empresas m\u00e1s, que le han costado a la Comisi\u00f3n Federal de Electricidad (CFE) alrededor de 300 mil millones de pesos extras. En su\u00a0conferencia ma\u00f1anera\u00a0en<a class=\"read-more\" href=\"https:\/\/globalnewsmexico.com\/sitio\/tras-aprobacion-de-reforma-electrica-amlo-busca-renegociar-contrato-con-iberdrola\/\">Leer m\u00e1s<\/a><\/p>\n","protected":false},"author":5,"featured_media":62453,"comment_status":"closed","ping_status":"open","sticky":false,"template":"","format":"standard","meta":{"spay_email":"","footnotes":""},"categories":[37,8,39,52],"tags":[],"jetpack_featured_media_url":"https:\/\/i1.wp.com\/globalnewsmexico.com\/sitio\/wp-content\/uploads\/2021\/03\/cambios-ley-industria-electrica-presidente.jpg?fit=958%2C596&ssl=1","jetpack_sharing_enabled":true,"jetpack_shortlink":"https:\/\/wp.me\/p9yqPL-gfi","jetpack_likes_enabled":true,"_links":{"self":[{"href":"https:\/\/globalnewsmexico.com\/sitio\/wp-json\/wp\/v2\/posts\/62452"}],"collection":[{"href":"https:\/\/globalnewsmexico.com\/sitio\/wp-json\/wp\/v2\/posts"}],"about":[{"href":"https:\/\/globalnewsmexico.com\/sitio\/wp-json\/wp\/v2\/types\/post"}],"author":[{"embeddable":true,"href":"https:\/\/globalnewsmexico.com\/sitio\/wp-json\/wp\/v2\/users\/5"}],"replies":[{"embeddable":true,"href":"https:\/\/globalnewsmexico.com\/sitio\/wp-json\/wp\/v2\/comments?post=62452"}],"version-history":[{"count":0,"href":"https:\/\/globalnewsmexico.com\/sitio\/wp-json\/wp\/v2\/posts\/62452\/revisions"}],"wp:featuredmedia":[{"embeddable":true,"href":"https:\/\/globalnewsmexico.com\/sitio\/wp-json\/wp\/v2\/media\/62453"}],"wp:attachment":[{"href":"https:\/\/globalnewsmexico.com\/sitio\/wp-json\/wp\/v2\/media?parent=62452"}],"wp:term":[{"taxonomy":"category","embeddable":true,"href":"https:\/\/globalnewsmexico.com\/sitio\/wp-json\/wp\/v2\/categories?post=62452"},{"taxonomy":"post_tag","embeddable":true,"href":"https:\/\/globalnewsmexico.com\/sitio\/wp-json\/wp\/v2\/tags?post=62452"}],"curies":[{"name":"wp","href":"https:\/\/api.w.org\/{rel}","templated":true}]}}