{"id":62603,"date":"2021-03-05T18:04:06","date_gmt":"2021-03-06T00:04:06","guid":{"rendered":"http:\/\/globalnewsmexico.com\/sitio\/?p=62603"},"modified":"2021-03-05T18:04:10","modified_gmt":"2021-03-06T00:04:10","slug":"oms-advierte-que-situacion-del-covid-19-en-brasil-es-muy-seria-y-preocupante","status":"publish","type":"post","link":"https:\/\/globalnewsmexico.com\/sitio\/oms-advierte-que-situacion-del-covid-19-en-brasil-es-muy-seria-y-preocupante\/","title":{"rendered":"OMS advierte que situaci\u00f3n del Covid-19 en Brasil es \u00abmuy seria y preocupante\u00bb"},"content":{"rendered":"\n<p>El director general de la OMS,\u00a0Tedros Adhanom Ghebreyesus, advirti\u00f3 este viernes a Brasil que\u00a0la situaci\u00f3n sanitaria \u00abes muy seria\u00bb y le urgi\u00f3 a tomar \u00abmedidas agresivas\u00bb para atajar el nuevo rebrote de la pandemia del coronavirus.<\/p>\n\n\n\n<p>\u00abLa situaci\u00f3n es muy seria y estamos muy preocupados. Las medidas sanitarias que Brasil tome deber\u00edan ser agresivas, al mismo tiempo que avanza en la vacunaci\u00f3n\u00bb, dijo en rueda de prensa el jefe de la\u00a0Organizaci\u00f3n Mundial de la Salud.\u00a0\u00abLa preocupaci\u00f3n no gira tan solo en torno a Brasil, sino tambi\u00e9n en torno a los vecinos de Brasil, es casi Am\u00e9rica Latina en su conjunto, muchos pa\u00edses, excepto dos m\u00e1s o menos\u00bb.<\/p>\n\n\n\n<p>El director de la OMS compar\u00f3 la situaci\u00f3n de Brasil con otros pa\u00edses, donde se observaron \u00abtendencias a la baja\u00bb y dijo que en el gigante sudamericano la situaci\u00f3n era \u00abal alza o simplemente estable\u00bb, por lo que Brasilia \u00abtiene que tomarse esto muy muy en serio\u00bb.<br><\/p>\n\n\n\n<p>\u00abSi Brasil no se lo toma en serio, afectar\u00e1 a todos los vecinos y m\u00e1s all\u00e1, as\u00ed que esto no solo trata de Brasil, creo que ata\u00f1e a toda Am\u00e9rica Latina\u00bb, se\u00f1al\u00f3.<\/p>\n\n\n\n<p>Con m\u00e1s de 260 mil fallecidos por Covid-19, el gigante sudamericano es el segundo pa\u00eds del mundo m\u00e1s golpeado por la pandemia, solo superado por Estados Unidos, con m\u00e1s de520 mil muertos, de acuerdo con las cifras de la\u00a0Universidad Johns Hopkins.\u00a0<\/p>\n\n\n\n<p>Por su parte, el\u00a0 jefe de la OMS para el programa de respuestas de emergencias,\u00a0Michael Ryan,\u00a0tambi\u00e9n presente en la rueda de prensa, llam\u00f3 a \u00abno bajar la guardia en otras \u00e1reas\u00bb, como las medidas de distancia f\u00edsica, si no se quiere \u00abdesperdiciar la esperanza que brinda la vacuna\u00bb.<\/p>\n\n\n\n<p>Fuente: Agencias<\/p>\n","protected":false},"excerpt":{"rendered":"<p>El director general de la OMS,\u00a0Tedros Adhanom Ghebreyesus, advirti\u00f3 este viernes a Brasil que\u00a0la situaci\u00f3n sanitaria \u00abes muy seria\u00bb y le urgi\u00f3 a tomar \u00abmedidas agresivas\u00bb para atajar el nuevo rebrote de la pandemia del coronavirus. \u00abLa situaci\u00f3n es muy seria y estamos muy preocupados. Las medidas sanitarias que Brasil tome deber\u00edan ser agresivas, al<a class=\"read-more\" href=\"https:\/\/globalnewsmexico.com\/sitio\/oms-advierte-que-situacion-del-covid-19-en-brasil-es-muy-seria-y-preocupante\/\">Leer m\u00e1s<\/a><\/p>\n","protected":false},"author":5,"featured_media":62604,"comment_status":"closed","ping_status":"open","sticky":false,"template":"","format":"standard","meta":{"spay_email":"","footnotes":""},"categories":[37,8,48,52],"tags":[],"jetpack_featured_media_url":"https:\/\/i2.wp.com\/globalnewsmexico.com\/sitio\/wp-content\/uploads\/2021\/03\/brasil-afectado-numeros-totales-pandemia_0_1_1024_637.jpg?fit=958%2C596&ssl=1","jetpack_sharing_enabled":true,"jetpack_shortlink":"https:\/\/wp.me\/p9yqPL-ghJ","jetpack_likes_enabled":true,"_links":{"self":[{"href":"https:\/\/globalnewsmexico.com\/sitio\/wp-json\/wp\/v2\/posts\/62603"}],"collection":[{"href":"https:\/\/globalnewsmexico.com\/sitio\/wp-json\/wp\/v2\/posts"}],"about":[{"href":"https:\/\/globalnewsmexico.com\/sitio\/wp-json\/wp\/v2\/types\/post"}],"author":[{"embeddable":true,"href":"https:\/\/globalnewsmexico.com\/sitio\/wp-json\/wp\/v2\/users\/5"}],"replies":[{"embeddable":true,"href":"https:\/\/globalnewsmexico.com\/sitio\/wp-json\/wp\/v2\/comments?post=62603"}],"version-history":[{"count":0,"href":"https:\/\/globalnewsmexico.com\/sitio\/wp-json\/wp\/v2\/posts\/62603\/revisions"}],"wp:featuredmedia":[{"embeddable":true,"href":"https:\/\/globalnewsmexico.com\/sitio\/wp-json\/wp\/v2\/media\/62604"}],"wp:attachment":[{"href":"https:\/\/globalnewsmexico.com\/sitio\/wp-json\/wp\/v2\/media?parent=62603"}],"wp:term":[{"taxonomy":"category","embeddable":true,"href":"https:\/\/globalnewsmexico.com\/sitio\/wp-json\/wp\/v2\/categories?post=62603"},{"taxonomy":"post_tag","embeddable":true,"href":"https:\/\/globalnewsmexico.com\/sitio\/wp-json\/wp\/v2\/tags?post=62603"}],"curies":[{"name":"wp","href":"https:\/\/api.w.org\/{rel}","templated":true}]}}