{"id":62614,"date":"2021-03-06T09:25:27","date_gmt":"2021-03-06T15:25:27","guid":{"rendered":"http:\/\/globalnewsmexico.com\/sitio\/?p=62614"},"modified":"2021-03-06T09:25:32","modified_gmt":"2021-03-06T15:25:32","slug":"garcia-cabeza-de-vaca-acumula-denuncia-por-defraudacion-de-6-mdp","status":"publish","type":"post","link":"https:\/\/globalnewsmexico.com\/sitio\/garcia-cabeza-de-vaca-acumula-denuncia-por-defraudacion-de-6-mdp\/","title":{"rendered":"Garc\u00eda Cabeza de Vaca acumula denuncia por defraudaci\u00f3n de 6 mdp"},"content":{"rendered":"\n<p>La Procuradur\u00eda Fiscal de la Federaci\u00f3n (PFF) present\u00f3 una querella contra Francisco Javier Garc\u00eda Cabeza de Vaca, gobernador de Tamaulipas, por el delito de defraudaci\u00f3n fiscal equiparada con da\u00f1o al erario por 6 millones 511 mil pesos.<\/p>\n\n\n\n<p>Esto porque en 2019 no report\u00f3 seis dep\u00f3sitos a su cuenta bancaria por 36 millones de pesos, provenientes de la empresa T Seis Doce S.A de C.V, de su prestanombres Juan Francisco Tamez Arellano.<\/p>\n\n\n\n<p>De acuerdo con los recientes cambios en el Congreso de la Uni\u00f3n a los c\u00f3digos fiscales de la Federaci\u00f3n y Penal Federal, el panista puede alcanzar una&nbsp;pena hasta de 13.5 a\u00f1os de prisi\u00f3n, toda vez que tambi\u00e9n es acusado de delincuencia organizada.<\/p>\n\n\n\n<p>La ley detalla que los contribuyentes que no acreditan prisi\u00f3n preventiva son aquellos que cometen un delito de defraudaci\u00f3n fiscal y defraudaci\u00f3n fiscal equiparada, cuyo monto no exceda 7.8 millones de pesos.<\/p>\n\n\n\n<p>Sin embargo, cuando&nbsp;tambi\u00e9n se acredita delincuencia organizada se estipulan de tres&nbsp;meses a 13.5 a\u00f1os de prisi\u00f3n. Delincuencia organizada se define&nbsp;en los c\u00f3digos como un conjunto de tres o m\u00e1s personas cuyo objetivo es el crimen y no se consideran contribuyentes, pues&nbsp;su actividad criminal es permanente o reiterada.<\/p>\n\n\n\n<p>Seg\u00fan la solicitud de desafuero contra Garc\u00eda Cabeza de Vaca, para la Fiscal\u00eda General de la Rep\u00fablica (FGR), el mandatario tamaulipeco lider\u00f3 una \u201corganizaci\u00f3n criminal\u201d con su familia y sus prestanombres que tuvo como finalidad \u201cechar a andar un esquema de lavado de activos\u201d, por lo que les fincan los delitos de delincuencia organizada, operaciones con recursos de procedencia il\u00edcita y defraudaci\u00f3n fiscal equiparada.<\/p>\n\n\n\n<p>En la querella presentada el 11 de febrero de 2021&nbsp;por la directora general de delitos fiscales de la Subprocuradur\u00eda Fiscal de la Federaci\u00f3n de Investigaciones, Rosaura Mart\u00ednez, se acredit\u00f3 que el contribuyente&nbsp;Francisco Javier Garc\u00eda Cabeza de Vaca&nbsp;present\u00f3 para 2019 \u201cuna declaraci\u00f3n para efectos fiscales, que consigna ingresos acumulados menores a los realmente obtenidos\u201d.<a href=\"https:\/\/www.milenio.com\/uploads\/media\/2021\/03\/06\/mas-pruebas-contra-el-gobernador.jpg\"><\/a><\/p>\n\n\n\n<p>Detalla que el 30 de abril de 2020, las autoridades tributarias recibieron \u201cla declaraci\u00f3n fiscal v\u00eda internet\u201d del mandatario panista en la que consign\u00f3 ingresos acumulables por 6 millones 694 pesos, as\u00ed como la enajenaci\u00f3n de dos inmuebles y un terreno.&nbsp;El primero por la cantidad de 20 millones 907 mil 418 pesos y el segundo por 149 mil 504 pesos.<\/p>\n\n\n\n<p>Sin embargo, la autoridad tributaria&nbsp;dio cuenta, \u201ca trav\u00e9s de datos recabados\u201d, que los ingresos que realmente obtuvo Garc\u00eda Cabeza de Vaca durante 2019 ascienden a&nbsp;46 millones 927 mil 907 pesos.<\/p>\n\n\n\n<p>\u201cEs decir, que consign\u00f3 ingresos menores a los realmente obtenidos, causando con ello un perjuicio al fisco federal por dejar de pagar la contribuci\u00f3n correspondiente al Impuesto Sobre la Renta de 6 millones 511 mil 777 pesos\u201d, detalla la querella de la PFF.<\/p>\n\n\n\n<p>Por lo anterior, la PFF consider\u00f3 que \u201ces evidente que Francisco Garc\u00eda Cabeza de Vaca despleg\u00f3 la conducta de defraudaci\u00f3n fiscal en la modalidad de que sus declaraciones fiscales tuvieron ingresos acumulables menores a los realmente obtenidos\u201d.<\/p>\n\n\n\n<p>Fuente: Milenio<\/p>\n","protected":false},"excerpt":{"rendered":"<p>La Procuradur\u00eda Fiscal de la Federaci\u00f3n (PFF) present\u00f3 una querella contra Francisco Javier Garc\u00eda Cabeza de Vaca, gobernador de Tamaulipas, por el delito de defraudaci\u00f3n fiscal equiparada con da\u00f1o al erario por 6 millones 511 mil pesos. Esto porque en 2019 no report\u00f3 seis dep\u00f3sitos a su cuenta bancaria por 36 millones de pesos, provenientes<a class=\"read-more\" href=\"https:\/\/globalnewsmexico.com\/sitio\/garcia-cabeza-de-vaca-acumula-denuncia-por-defraudacion-de-6-mdp\/\">Leer m\u00e1s<\/a><\/p>\n","protected":false},"author":5,"featured_media":62615,"comment_status":"closed","ping_status":"open","sticky":false,"template":"","format":"standard","meta":{"spay_email":"","footnotes":""},"categories":[37,8,39,52],"tags":[],"jetpack_featured_media_url":"https:\/\/i2.wp.com\/globalnewsmexico.com\/sitio\/wp-content\/uploads\/2021\/03\/uif-cabeza-de-vaca-1000x600-1.jpeg?fit=1024%2C614&ssl=1","jetpack_sharing_enabled":true,"jetpack_shortlink":"https:\/\/wp.me\/p9yqPL-ghU","jetpack_likes_enabled":true,"_links":{"self":[{"href":"https:\/\/globalnewsmexico.com\/sitio\/wp-json\/wp\/v2\/posts\/62614"}],"collection":[{"href":"https:\/\/globalnewsmexico.com\/sitio\/wp-json\/wp\/v2\/posts"}],"about":[{"href":"https:\/\/globalnewsmexico.com\/sitio\/wp-json\/wp\/v2\/types\/post"}],"author":[{"embeddable":true,"href":"https:\/\/globalnewsmexico.com\/sitio\/wp-json\/wp\/v2\/users\/5"}],"replies":[{"embeddable":true,"href":"https:\/\/globalnewsmexico.com\/sitio\/wp-json\/wp\/v2\/comments?post=62614"}],"version-history":[{"count":0,"href":"https:\/\/globalnewsmexico.com\/sitio\/wp-json\/wp\/v2\/posts\/62614\/revisions"}],"wp:featuredmedia":[{"embeddable":true,"href":"https:\/\/globalnewsmexico.com\/sitio\/wp-json\/wp\/v2\/media\/62615"}],"wp:attachment":[{"href":"https:\/\/globalnewsmexico.com\/sitio\/wp-json\/wp\/v2\/media?parent=62614"}],"wp:term":[{"taxonomy":"category","embeddable":true,"href":"https:\/\/globalnewsmexico.com\/sitio\/wp-json\/wp\/v2\/categories?post=62614"},{"taxonomy":"post_tag","embeddable":true,"href":"https:\/\/globalnewsmexico.com\/sitio\/wp-json\/wp\/v2\/tags?post=62614"}],"curies":[{"name":"wp","href":"https:\/\/api.w.org\/{rel}","templated":true}]}}