{"id":62621,"date":"2021-03-06T11:00:02","date_gmt":"2021-03-06T17:00:02","guid":{"rendered":"http:\/\/globalnewsmexico.com\/sitio\/?p=62621"},"modified":"2021-03-06T11:00:06","modified_gmt":"2021-03-06T17:00:06","slug":"vallas-en-palacio-nacional-para-para-evitar-provocacion-durante-8m-amlo","status":"publish","type":"post","link":"https:\/\/globalnewsmexico.com\/sitio\/vallas-en-palacio-nacional-para-para-evitar-provocacion-durante-8m-amlo\/","title":{"rendered":"Vallas en Palacio Nacional, para para evitar provocaci\u00f3n durante 8M: AMLO"},"content":{"rendered":"\n<p>El presidente Andr\u00e9s Manuel asegur\u00f3 que\u00a0las vallas met\u00e1licas que se instalaron en Palacio Nacional\u00a0no son para proteger el inmueble, sino para evitar la provocaci\u00f3n y la confrontaci\u00f3n durante las marchas de mujeres, as\u00ed como para evitar que se da\u00f1e a integrantes de las fuerzas de seguridad y las manifestantes.<\/p>\n\n\n\n<p>Durante la supervisi\u00f3n del Tramo 3 del Tren Maya, que va de Calkin\u00ed a Izamal, el mandatario record\u00f3 que las mujeres\u00a0est\u00e1n en su derecho de protestar, pero pidi\u00f3 que las manifestaciones del lunes est\u00e9n libres de violencia, tanto f\u00edsica como verbal.<\/p>\n\n\n\n<p>\u201cAll\u00e1 en la Ciudad de M\u00e9xico pusieron una valla porque va a haber una manifestaci\u00f3n de mujeres, porque est\u00e1n en todo su derecho de protestar, de expresarse, de manifestarse; pero\u00a0hay mucha provocaci\u00f3n, mucha gente que se infiltra, que lo que busca es causar da\u00f1o y utilizan como forma de protesta la violencia\u201d, dijo.<\/p>\n\n\n\n<p>El jefe del ejecutivo record\u00f3 que en la marcha del a\u00f1o pasado por el D\u00eda Internacional de la Mujer se lanzaron bombas molotov a la puerta de Palacio Nacional, provocando que varias personas resultaran heridas. Por ello, espera que\u00a0en esta ocasi\u00f3n no se hiera a \u201cning\u00fan bando, es decir, no queremos que haya de las fuerzas de seguridad p\u00fablica, ni de las mujeres que protestan, salgan afectadas, da\u00f1adas\u201d.<\/p>\n\n\n\n<p>Sin embargo, sostuvo que se deben de proteger y evitar da\u00f1os en los edificios\u00a0y monumentos hist\u00f3ricos,\u00a0pues que de lo contrario,\u00a0\u201c\u00a1imag\u00ednense! \u00bfQu\u00e9 imagen se da en el mundo?\u201d,\u00a0por lo que consider\u00f3 que\u00a0\u201ces mejor protegerlos\u201d.<\/p>\n\n\n\n<p>\u201cTiene que ver con la libertad, est\u00e1 prohibido prohibir y nunca vamos reprimir al pueblo, pero s\u00ed\u00a0tenemos que evitar las provocaciones, la gente que quiere nada m\u00e1s causar da\u00f1o\u201d, coment\u00f3.<\/p>\n\n\n\n<p>\u201cPero eso que no se confunda, no es miedo, todos tenemos miedo, pero es distinto el miedo de la cobard\u00eda,\u00a0yo puedo tener miedo, pero no soy cobarde. Es por eso que se est\u00e1n poniendo esas bardas, no para proteger al Palacio, es para que no haya provocaci\u00f3n\u201d, reiter\u00f3.<\/p>\n\n\n\n<p>Resalt\u00f3 que como presidente su obligaci\u00f3n\u00a0es garantizar la paz y la tranquilidad de la poblaci\u00f3n, sin represi\u00f3n, por lo que es preferibles que se implemente protecciones \u201ca que est\u00e9n frente a frente\u201d las fuerzas de seguridad y las mujeres protestando.<\/p>\n\n\n\n<p>Por \u00faltimo, hizo un llamado a realizar las manifestaciones del pr\u00f3ximo lunes de manera pac\u00edfica y sin violencia. A la vez,\u00a0propuso debatir y argumentar, en vez de agredir, pues \u201ccon respeto se puede\u201d.<\/p>\n\n\n\n<p>Fuente: Milenio<\/p>\n","protected":false},"excerpt":{"rendered":"<p>El presidente Andr\u00e9s Manuel asegur\u00f3 que\u00a0las vallas met\u00e1licas que se instalaron en Palacio Nacional\u00a0no son para proteger el inmueble, sino para evitar la provocaci\u00f3n y la confrontaci\u00f3n durante las marchas de mujeres, as\u00ed como para evitar que se da\u00f1e a integrantes de las fuerzas de seguridad y las manifestantes. Durante la supervisi\u00f3n del Tramo 3<a class=\"read-more\" href=\"https:\/\/globalnewsmexico.com\/sitio\/vallas-en-palacio-nacional-para-para-evitar-provocacion-durante-8m-amlo\/\">Leer m\u00e1s<\/a><\/p>\n","protected":false},"author":5,"featured_media":62622,"comment_status":"closed","ping_status":"open","sticky":false,"template":"","format":"standard","meta":{"spay_email":"","footnotes":""},"categories":[37,8,40,52],"tags":[],"jetpack_featured_media_url":"https:\/\/i2.wp.com\/globalnewsmexico.com\/sitio\/wp-content\/uploads\/2021\/03\/presidente-evento-yucatan-supervisar-obras_0_0_1200_747.jpg?fit=958%2C596&ssl=1","jetpack_sharing_enabled":true,"jetpack_shortlink":"https:\/\/wp.me\/p9yqPL-gi1","jetpack_likes_enabled":true,"_links":{"self":[{"href":"https:\/\/globalnewsmexico.com\/sitio\/wp-json\/wp\/v2\/posts\/62621"}],"collection":[{"href":"https:\/\/globalnewsmexico.com\/sitio\/wp-json\/wp\/v2\/posts"}],"about":[{"href":"https:\/\/globalnewsmexico.com\/sitio\/wp-json\/wp\/v2\/types\/post"}],"author":[{"embeddable":true,"href":"https:\/\/globalnewsmexico.com\/sitio\/wp-json\/wp\/v2\/users\/5"}],"replies":[{"embeddable":true,"href":"https:\/\/globalnewsmexico.com\/sitio\/wp-json\/wp\/v2\/comments?post=62621"}],"version-history":[{"count":0,"href":"https:\/\/globalnewsmexico.com\/sitio\/wp-json\/wp\/v2\/posts\/62621\/revisions"}],"wp:featuredmedia":[{"embeddable":true,"href":"https:\/\/globalnewsmexico.com\/sitio\/wp-json\/wp\/v2\/media\/62622"}],"wp:attachment":[{"href":"https:\/\/globalnewsmexico.com\/sitio\/wp-json\/wp\/v2\/media?parent=62621"}],"wp:term":[{"taxonomy":"category","embeddable":true,"href":"https:\/\/globalnewsmexico.com\/sitio\/wp-json\/wp\/v2\/categories?post=62621"},{"taxonomy":"post_tag","embeddable":true,"href":"https:\/\/globalnewsmexico.com\/sitio\/wp-json\/wp\/v2\/tags?post=62621"}],"curies":[{"name":"wp","href":"https:\/\/api.w.org\/{rel}","templated":true}]}}