{"id":62638,"date":"2021-03-06T15:18:30","date_gmt":"2021-03-06T21:18:30","guid":{"rendered":"http:\/\/globalnewsmexico.com\/sitio\/?p=62638"},"modified":"2021-03-06T15:18:43","modified_gmt":"2021-03-06T21:18:43","slug":"me-jubilo-por-completo-en-2024-tiene-que-haber-relevo-generacional-amlo","status":"publish","type":"post","link":"https:\/\/globalnewsmexico.com\/sitio\/me-jubilo-por-completo-en-2024-tiene-que-haber-relevo-generacional-amlo\/","title":{"rendered":"Me jubilo por completo en 2024, tiene que haber relevo generacional: AMLO"},"content":{"rendered":"\n<p>Al reiterar que no se reelegir\u00e1, el presidente Andr\u00e9s Manuel L\u00f3pez Obrador asever\u00f3 que al terminar su administraci\u00f3n en 2024, \u00e9l se jubilar\u00e1 por completo, pues manifest\u00f3 que tiene que haber un relevo generacional.<\/p>\n\n\n\n<p>De gira por Yucat\u00e1n, al supervisar los avances del Tramo 3 del Tren Maya, L\u00f3pez Obrador reconoci\u00f3 que, a pesar de que pueda ganar alguien de su movimiento en las elecciones de ese a\u00f1o, no hay garant\u00eda de continuidad del proyecto de la Cuarta Transformaci\u00f3n.<\/p>\n\n\n\n<p>\u201cYo voy a estar hasta el 2024, no hay reelecci\u00f3n; y adem\u00e1s, no solo no hay reelecci\u00f3n, que es un asunto de principios, de mis convicciones, soy maderista, es \u2018sufragio efectivo no reelecci\u00f3n\u2019. Yo considero haber contribuido, voy a seguir contribuyendo al desarrollo de nuestro pa\u00eds y ya vendr\u00e1n otros, tiene que haber relevo generacional\u00bb, apunt\u00f3.<\/p>\n\n\n\n<p>Y agreg\u00f3: \u201cAunque triunfe el movimiento cercano a nosotros, si as\u00ed lo decide el pueblo, de todas maneras, no hay garant\u00eda desgraciadamente de continuidad\u201d.<\/p>\n\n\n\n<p>Fuente: Xeu Noticias<\/p>\n","protected":false},"excerpt":{"rendered":"<p>Al reiterar que no se reelegir\u00e1, el presidente Andr\u00e9s Manuel L\u00f3pez Obrador asever\u00f3 que al terminar su administraci\u00f3n en 2024, \u00e9l se jubilar\u00e1 por completo, pues manifest\u00f3 que tiene que haber un relevo generacional. De gira por Yucat\u00e1n, al supervisar los avances del Tramo 3 del Tren Maya, L\u00f3pez Obrador reconoci\u00f3 que, a pesar de<a class=\"read-more\" href=\"https:\/\/globalnewsmexico.com\/sitio\/me-jubilo-por-completo-en-2024-tiene-que-haber-relevo-generacional-amlo\/\">Leer m\u00e1s<\/a><\/p>\n","protected":false},"author":5,"featured_media":62639,"comment_status":"closed","ping_status":"open","sticky":false,"template":"","format":"standard","meta":{"spay_email":"","footnotes":""},"categories":[37,8,40,52],"tags":[],"jetpack_featured_media_url":"https:\/\/i2.wp.com\/globalnewsmexico.com\/sitio\/wp-content\/uploads\/2021\/03\/1147424.jpg?fit=1024%2C683&ssl=1","jetpack_sharing_enabled":true,"jetpack_shortlink":"https:\/\/wp.me\/p9yqPL-gii","jetpack_likes_enabled":true,"_links":{"self":[{"href":"https:\/\/globalnewsmexico.com\/sitio\/wp-json\/wp\/v2\/posts\/62638"}],"collection":[{"href":"https:\/\/globalnewsmexico.com\/sitio\/wp-json\/wp\/v2\/posts"}],"about":[{"href":"https:\/\/globalnewsmexico.com\/sitio\/wp-json\/wp\/v2\/types\/post"}],"author":[{"embeddable":true,"href":"https:\/\/globalnewsmexico.com\/sitio\/wp-json\/wp\/v2\/users\/5"}],"replies":[{"embeddable":true,"href":"https:\/\/globalnewsmexico.com\/sitio\/wp-json\/wp\/v2\/comments?post=62638"}],"version-history":[{"count":0,"href":"https:\/\/globalnewsmexico.com\/sitio\/wp-json\/wp\/v2\/posts\/62638\/revisions"}],"wp:featuredmedia":[{"embeddable":true,"href":"https:\/\/globalnewsmexico.com\/sitio\/wp-json\/wp\/v2\/media\/62639"}],"wp:attachment":[{"href":"https:\/\/globalnewsmexico.com\/sitio\/wp-json\/wp\/v2\/media?parent=62638"}],"wp:term":[{"taxonomy":"category","embeddable":true,"href":"https:\/\/globalnewsmexico.com\/sitio\/wp-json\/wp\/v2\/categories?post=62638"},{"taxonomy":"post_tag","embeddable":true,"href":"https:\/\/globalnewsmexico.com\/sitio\/wp-json\/wp\/v2\/tags?post=62638"}],"curies":[{"name":"wp","href":"https:\/\/api.w.org\/{rel}","templated":true}]}}