{"id":62690,"date":"2021-03-08T15:45:53","date_gmt":"2021-03-08T21:45:53","guid":{"rendered":"http:\/\/globalnewsmexico.com\/sitio\/?p=62690"},"modified":"2021-03-08T15:46:00","modified_gmt":"2021-03-08T21:46:00","slug":"fgr-aprehende-a-presunto-implicado-en-masacre-de-bavispe-contra-familia-lebaron","status":"publish","type":"post","link":"https:\/\/globalnewsmexico.com\/sitio\/fgr-aprehende-a-presunto-implicado-en-masacre-de-bavispe-contra-familia-lebaron\/","title":{"rendered":"FGR aprehende a presunto implicado en masacre de Bavispe contra familia LeBar\u00f3n"},"content":{"rendered":"\n<p>La Fiscal\u00eda General de la Rep\u00fablica (FGR) captur\u00f3 a Alejandro Esc\u00e1rcega Adame, conocido como\u00a0&#8216;El Tocayo&#8217;,\u00a0&#8216;El Loco&#8217;\u00a0o\u00a0&#8216;El 15&#8217;, quien fue\u00a0identificado como uno de los\u00a0presuntos implicados\u00a0en el\u00a0asesinato de nueve personas en Bavispe, Sonora.<\/p>\n\n\n\n<p>La aprehensi\u00f3n se llev\u00f3 a cabo\u00a0en el municipio de Nuevo Casas Grandes, Chihuahua. Se inform\u00f3 que el\u00a0sospechoso forma parte del grupo criminal\u00a0La L\u00ednea, brazo armado del\u00a0C\u00e1rtel de Ju\u00e1rez.<\/p>\n\n\n\n<p>En el operativo participaron elementos de la Guardia Nacional, de la Secretar\u00eda de la Defensa Nacional, Secretar\u00eda de Marina, y del Centro Nacional de Inteligencia, informaron fuentes federales.<\/p>\n\n\n\n<p>La captura fue\u00a0notificada de manera directa\u00a0al activista\u00a0Adri\u00e1n LeBar\u00f3n, quien perdi\u00f3 a su hija y nietos durante el ataque ocurrido en noviembre de 2019.<\/p>\n\n\n\n<p>A trav\u00e9s de su cuenta de Twitter, Adri\u00e1n LeBar\u00f3n escribi\u00f3 lo siguiente:<\/p>\n\n\n\n<p>En febrero pasado, un juez federal\u00a0vincul\u00f3 a proceso a Wilbert Mendoza L\u00f3pez,\u00a0&#8216;La Parka&#8217;, se\u00f1alado por la FGR como\u00a0presunto autor material del asesinato\u00a0de nueve personas en Bavispe, entre ellos, seis menores de edad.<\/p>\n\n\n\n<p>Por este caso, la FGR ha solicitado\u00a0cuatro \u00f3rdenes de aprehensi\u00f3n\u00a0por lo que hace al delito de homicidio calificado, il\u00edcito que solo se imputa a los autores materiales de la matanza ocurrida en noviembre de 2019, entre ellos a\u00a0&#8216;La Parka&#8217;; Roberto Gonz\u00e1lez Montes,\u00a0&#8216;El 32&#8217; o &#8216;El Mudo&#8217;, y a Jos\u00e9 Alfredo Lara Ontiveros,\u00a0&#8216;El Comalara&#8217;, &#8216;El Laringa&#8217; o &#8216;El Pelonete&#8217;, quienes tambi\u00e9n est\u00e1n sujetos a proceso penal.<\/p>\n\n\n\n<p>Fuente: Milenio<\/p>\n\n\n\n<p><\/p>\n","protected":false},"excerpt":{"rendered":"<p>La Fiscal\u00eda General de la Rep\u00fablica (FGR) captur\u00f3 a Alejandro Esc\u00e1rcega Adame, conocido como\u00a0&#8216;El Tocayo&#8217;,\u00a0&#8216;El Loco&#8217;\u00a0o\u00a0&#8216;El 15&#8217;, quien fue\u00a0identificado como uno de los\u00a0presuntos implicados\u00a0en el\u00a0asesinato de nueve personas en Bavispe, Sonora. La aprehensi\u00f3n se llev\u00f3 a cabo\u00a0en el municipio de Nuevo Casas Grandes, Chihuahua. Se inform\u00f3 que el\u00a0sospechoso forma parte del grupo criminal\u00a0La L\u00ednea, brazo<a class=\"read-more\" href=\"https:\/\/globalnewsmexico.com\/sitio\/fgr-aprehende-a-presunto-implicado-en-masacre-de-bavispe-contra-familia-lebaron\/\">Leer m\u00e1s<\/a><\/p>\n","protected":false},"author":5,"featured_media":62691,"comment_status":"closed","ping_status":"open","sticky":false,"template":"","format":"standard","meta":{"spay_email":"","footnotes":""},"categories":[37,8,49,52],"tags":[],"jetpack_featured_media_url":"https:\/\/i0.wp.com\/globalnewsmexico.com\/sitio\/wp-content\/uploads\/2021\/03\/ataque-familia-lebaron-ocurrio-noviembre_1_80_1157_719.jpeg?fit=958%2C596&ssl=1","jetpack_sharing_enabled":true,"jetpack_shortlink":"https:\/\/wp.me\/p9yqPL-gj8","jetpack_likes_enabled":true,"_links":{"self":[{"href":"https:\/\/globalnewsmexico.com\/sitio\/wp-json\/wp\/v2\/posts\/62690"}],"collection":[{"href":"https:\/\/globalnewsmexico.com\/sitio\/wp-json\/wp\/v2\/posts"}],"about":[{"href":"https:\/\/globalnewsmexico.com\/sitio\/wp-json\/wp\/v2\/types\/post"}],"author":[{"embeddable":true,"href":"https:\/\/globalnewsmexico.com\/sitio\/wp-json\/wp\/v2\/users\/5"}],"replies":[{"embeddable":true,"href":"https:\/\/globalnewsmexico.com\/sitio\/wp-json\/wp\/v2\/comments?post=62690"}],"version-history":[{"count":0,"href":"https:\/\/globalnewsmexico.com\/sitio\/wp-json\/wp\/v2\/posts\/62690\/revisions"}],"wp:featuredmedia":[{"embeddable":true,"href":"https:\/\/globalnewsmexico.com\/sitio\/wp-json\/wp\/v2\/media\/62691"}],"wp:attachment":[{"href":"https:\/\/globalnewsmexico.com\/sitio\/wp-json\/wp\/v2\/media?parent=62690"}],"wp:term":[{"taxonomy":"category","embeddable":true,"href":"https:\/\/globalnewsmexico.com\/sitio\/wp-json\/wp\/v2\/categories?post=62690"},{"taxonomy":"post_tag","embeddable":true,"href":"https:\/\/globalnewsmexico.com\/sitio\/wp-json\/wp\/v2\/tags?post=62690"}],"curies":[{"name":"wp","href":"https:\/\/api.w.org\/{rel}","templated":true}]}}