{"id":62708,"date":"2021-03-08T19:45:28","date_gmt":"2021-03-09T01:45:28","guid":{"rendered":"http:\/\/globalnewsmexico.com\/sitio\/?p=62708"},"modified":"2021-03-08T19:45:33","modified_gmt":"2021-03-09T01:45:33","slug":"son-cazadrones-hombres-que-fueron-vistos-en-techo-de-palacio-nacional-gobierno-de-cdmx","status":"publish","type":"post","link":"https:\/\/globalnewsmexico.com\/sitio\/son-cazadrones-hombres-que-fueron-vistos-en-techo-de-palacio-nacional-gobierno-de-cdmx\/","title":{"rendered":"Son \u00abcazadrones\u00bb, hombres que fueron vistos en techo de Palacio Nacional: Gobierno de CDMX"},"content":{"rendered":"\n<p>Por primera vez en un evento p\u00fablico, el equipo de seguridad de la Presidencia de la Rep\u00fablica\u00a0despleg\u00f3 en el techo de Palacio Nacional un sistema antidron durante las manifestaciones de este 8 de marzo.<\/p>\n\n\n\n<p>Im\u00e1genes difundidas en redes sociales durante las protestas mostraron a hombres equipados con lo que, a la distancia,<strong>\u00a0<\/strong>se asemeja a un rifle de francotirador, lo que deton\u00f3 fuertes cr\u00edticas en Twitter.<\/p>\n\n\n\n<p>Sin embargo, consultada al respecto,\u00a0la Presidencia de la Rep\u00fablica confirm\u00f3 que se trata de un sistema empleado para derribar drones, mediante el bloqueo de se\u00f1ales hasta una distancia de mil 200 metros.<\/p>\n\n\n\n<figure class=\"wp-block-embed-twitter aligncenter wp-block-embed is-type-rich is-provider-twitter\"><div class=\"wp-block-embed__wrapper\">\n<blockquote class=\"twitter-tweet\" data-width=\"550\" data-dnt=\"true\"><p lang=\"es\" dir=\"ltr\">Respecto a las fotograf\u00edas que circulan de la azotea de Palacio Nacional esta tarde, se precisa que nunca hubo personal armado. Se trat\u00f3 de personal de resguardo que us\u00f3 un inhibidor de drones tipo Hikvision para evitar vuelos sobre Palacio por ser un \u00e1rea reservada por seguridad <a href=\"https:\/\/t.co\/j7lo1x2P4W\">pic.twitter.com\/j7lo1x2P4W<\/a><\/p>&mdash; Jes\u00fas Ram\u00edrez Cuevas (@JesusRCuevas) <a href=\"https:\/\/twitter.com\/JesusRCuevas\/status\/1369090358194417664?ref_src=twsrc%5Etfw\">March 9, 2021<\/a><\/blockquote><script async src=\"https:\/\/platform.twitter.com\/widgets.js\" charset=\"utf-8\"><\/script>\n<\/div><\/figure>\n\n\n\n<p>El equipo antidrones fue distribuido entre un pelot\u00f3n de militares al que se encarg\u00f3, por razones de seguridad, la tarea de evitar que ning\u00fan dron penetrara el espacio a\u00e9reo de Palacio Nacional. A mayor detalle se trata del Hikvision UAV Jammer, empleado por cuerpos polic\u00edacos en varios pa\u00edses del mundo.<\/p>\n\n\n\n<p>\u00abLos hombres que est\u00e1 encima de Palacio Nacional son cazadrones (&#8230;) recordemos que\u00a0para sobrevolar la zona se necesita un permiso especial\u00bb, inform\u00f3 Jos\u00e9 Alfonso Su\u00e1rez del Real, secretario de Gobierno de la Ciudad de M\u00e9xico, en entrevista con Azucena Uresti para Grupo F\u00f3rmula.\u00a0<\/p>\n\n\n\n<p>La cr\u00edtica que deton\u00f3 la presencia de estos equipos en el techo de Palacio Nacional se centr\u00f3 en su parecido con rifles de francotirador, en particular debido a que el bloqueador de se\u00f1al tiene una mira telesc\u00f3pica que se utiliza para bloquear la se\u00f1al de un dron a grandes distancias.<\/p>\n\n\n\n<p>Fuente: Milenio<\/p>\n","protected":false},"excerpt":{"rendered":"<p>Por primera vez en un evento p\u00fablico, el equipo de seguridad de la Presidencia de la Rep\u00fablica\u00a0despleg\u00f3 en el techo de Palacio Nacional un sistema antidron durante las manifestaciones de este 8 de marzo. Im\u00e1genes difundidas en redes sociales durante las protestas mostraron a hombres equipados con lo que, a la distancia,\u00a0se asemeja a un<a class=\"read-more\" href=\"https:\/\/globalnewsmexico.com\/sitio\/son-cazadrones-hombres-que-fueron-vistos-en-techo-de-palacio-nacional-gobierno-de-cdmx\/\">Leer m\u00e1s<\/a><\/p>\n","protected":false},"author":5,"featured_media":62709,"comment_status":"closed","ping_status":"open","sticky":false,"template":"","format":"standard","meta":{"spay_email":"","footnotes":""},"categories":[37,8,39,52],"tags":[],"jetpack_featured_media_url":"https:\/\/i2.wp.com\/globalnewsmexico.com\/sitio\/wp-content\/uploads\/2021\/03\/presidencia-republica-presencia-personas-azotea_9_6_1182_735.jpg?fit=958%2C596&ssl=1","jetpack_sharing_enabled":true,"jetpack_shortlink":"https:\/\/wp.me\/p9yqPL-gjq","jetpack_likes_enabled":true,"_links":{"self":[{"href":"https:\/\/globalnewsmexico.com\/sitio\/wp-json\/wp\/v2\/posts\/62708"}],"collection":[{"href":"https:\/\/globalnewsmexico.com\/sitio\/wp-json\/wp\/v2\/posts"}],"about":[{"href":"https:\/\/globalnewsmexico.com\/sitio\/wp-json\/wp\/v2\/types\/post"}],"author":[{"embeddable":true,"href":"https:\/\/globalnewsmexico.com\/sitio\/wp-json\/wp\/v2\/users\/5"}],"replies":[{"embeddable":true,"href":"https:\/\/globalnewsmexico.com\/sitio\/wp-json\/wp\/v2\/comments?post=62708"}],"version-history":[{"count":0,"href":"https:\/\/globalnewsmexico.com\/sitio\/wp-json\/wp\/v2\/posts\/62708\/revisions"}],"wp:featuredmedia":[{"embeddable":true,"href":"https:\/\/globalnewsmexico.com\/sitio\/wp-json\/wp\/v2\/media\/62709"}],"wp:attachment":[{"href":"https:\/\/globalnewsmexico.com\/sitio\/wp-json\/wp\/v2\/media?parent=62708"}],"wp:term":[{"taxonomy":"category","embeddable":true,"href":"https:\/\/globalnewsmexico.com\/sitio\/wp-json\/wp\/v2\/categories?post=62708"},{"taxonomy":"post_tag","embeddable":true,"href":"https:\/\/globalnewsmexico.com\/sitio\/wp-json\/wp\/v2\/tags?post=62708"}],"curies":[{"name":"wp","href":"https:\/\/api.w.org\/{rel}","templated":true}]}}