{"id":62712,"date":"2021-03-08T21:45:01","date_gmt":"2021-03-09T03:45:01","guid":{"rendered":"http:\/\/globalnewsmexico.com\/sitio\/?p=62712"},"modified":"2021-03-08T21:45:05","modified_gmt":"2021-03-09T03:45:05","slug":"hugo-lopez-gatell-presenta-sindrome-poscovid","status":"publish","type":"post","link":"https:\/\/globalnewsmexico.com\/sitio\/hugo-lopez-gatell-presenta-sindrome-poscovid\/","title":{"rendered":"Hugo L\u00f3pez-Gatell presenta s\u00edndrome poscovid"},"content":{"rendered":"\n<p>El subsecretario de Prevenci\u00f3n y Promoci\u00f3n de la Salud,\u00a0Hugo L\u00f3pez-Gatell, presenta un s\u00edndrome poscovid, inform\u00f3 el director general de Epidemiolog\u00eda,\u00a0Jos\u00e9 Luis Alom\u00eda.<\/p>\n\n\n\n<p>En conferencia, el funcionario explic\u00f3 que L\u00f3pez-Gatell ya no presenta ning\u00fan s\u00edntoma de enfermedad activa; sin embargo, a\u00fan padece fatiga y cansancio, signos que permanecen d\u00edas despu\u00e9s de haber enfermado por el\u00a0coronavirus SARS-CoV-2.<\/p>\n\n\n\n<p>\u00abLos s\u00edntomas son congruentes a un s\u00edndrome poscovid, donde la fatiga y el cansancio pueden estar presentes mientras el sistema inmune emprendi\u00f3 un proceso para recuperarse de la enfermedad\u00bb, a\u00f1adi\u00f3 Alom\u00eda Zegarra.<\/p>\n\n\n\n<p>El director general de Epidemiolog\u00eda coment\u00f3 que, en pr\u00f3ximos d\u00edas, el subsecretario podr\u00e1 reintegrarse a sus actividades.<\/p>\n\n\n\n<p>Hugo L\u00f3pez-Gatell\u00a0dio positivo a Covid-19 el 20 de febrero pasado.<\/p>\n\n\n\n<p>Para el 24 de febrero, el funcionario que encabeza la estrategia contra el Covid-19 en M\u00e9xico fue hospitalizado de manera temprana en la unidad temporal Covid del\u00a0Centro Citibanamex, debido a que present\u00f3 una disminuci\u00f3n en sus niveles de oxigenaci\u00f3n.<\/p>\n\n\n\n<p>El 1 de marzo pasado, L\u00f3pez-Gatell fue dado de alta de la unidad temporal; sin embargo, contin\u00faa su recuperaci\u00f3n y hasta el momento no ha reaparecido de manera p\u00fablica.<\/p>\n\n\n\n<p>Fuente: El Heraldo de M\u00e9xico<\/p>\n","protected":false},"excerpt":{"rendered":"<p>El subsecretario de Prevenci\u00f3n y Promoci\u00f3n de la Salud,\u00a0Hugo L\u00f3pez-Gatell, presenta un s\u00edndrome poscovid, inform\u00f3 el director general de Epidemiolog\u00eda,\u00a0Jos\u00e9 Luis Alom\u00eda. En conferencia, el funcionario explic\u00f3 que L\u00f3pez-Gatell ya no presenta ning\u00fan s\u00edntoma de enfermedad activa; sin embargo, a\u00fan padece fatiga y cansancio, signos que permanecen d\u00edas despu\u00e9s de haber enfermado por el\u00a0coronavirus SARS-CoV-2.<a class=\"read-more\" href=\"https:\/\/globalnewsmexico.com\/sitio\/hugo-lopez-gatell-presenta-sindrome-poscovid\/\">Leer m\u00e1s<\/a><\/p>\n","protected":false},"author":5,"featured_media":62713,"comment_status":"closed","ping_status":"open","sticky":false,"template":"","format":"standard","meta":{"spay_email":"","footnotes":""},"categories":[37,8,39,52],"tags":[],"jetpack_featured_media_url":"https:\/\/i1.wp.com\/globalnewsmexico.com\/sitio\/wp-content\/uploads\/2021\/03\/f925x521-265281_334145_5050.jpg?fit=1024%2C577&ssl=1","jetpack_sharing_enabled":true,"jetpack_shortlink":"https:\/\/wp.me\/p9yqPL-gju","jetpack_likes_enabled":true,"_links":{"self":[{"href":"https:\/\/globalnewsmexico.com\/sitio\/wp-json\/wp\/v2\/posts\/62712"}],"collection":[{"href":"https:\/\/globalnewsmexico.com\/sitio\/wp-json\/wp\/v2\/posts"}],"about":[{"href":"https:\/\/globalnewsmexico.com\/sitio\/wp-json\/wp\/v2\/types\/post"}],"author":[{"embeddable":true,"href":"https:\/\/globalnewsmexico.com\/sitio\/wp-json\/wp\/v2\/users\/5"}],"replies":[{"embeddable":true,"href":"https:\/\/globalnewsmexico.com\/sitio\/wp-json\/wp\/v2\/comments?post=62712"}],"version-history":[{"count":0,"href":"https:\/\/globalnewsmexico.com\/sitio\/wp-json\/wp\/v2\/posts\/62712\/revisions"}],"wp:featuredmedia":[{"embeddable":true,"href":"https:\/\/globalnewsmexico.com\/sitio\/wp-json\/wp\/v2\/media\/62713"}],"wp:attachment":[{"href":"https:\/\/globalnewsmexico.com\/sitio\/wp-json\/wp\/v2\/media?parent=62712"}],"wp:term":[{"taxonomy":"category","embeddable":true,"href":"https:\/\/globalnewsmexico.com\/sitio\/wp-json\/wp\/v2\/categories?post=62712"},{"taxonomy":"post_tag","embeddable":true,"href":"https:\/\/globalnewsmexico.com\/sitio\/wp-json\/wp\/v2\/tags?post=62712"}],"curies":[{"name":"wp","href":"https:\/\/api.w.org\/{rel}","templated":true}]}}