{"id":62757,"date":"2021-03-09T13:56:09","date_gmt":"2021-03-09T19:56:09","guid":{"rendered":"http:\/\/globalnewsmexico.com\/sitio\/?p=62757"},"modified":"2021-03-09T13:56:14","modified_gmt":"2021-03-09T19:56:14","slug":"giran-orden-de-captura-contra-cuauhtemoc-gutierrez-exdirigente-del-pri-df","status":"publish","type":"post","link":"https:\/\/globalnewsmexico.com\/sitio\/giran-orden-de-captura-contra-cuauhtemoc-gutierrez-exdirigente-del-pri-df\/","title":{"rendered":"Giran orden de captura contra Cuauht\u00e9moc Guti\u00e9rrez, exdirigente del PRI-DF"},"content":{"rendered":"\n<p>Un juez penal del Tribunal Superior de Justicia de la Ciudad de M\u00e9xico orden\u00f3 la aprehensi\u00f3n del exl\u00edder del PRI en la capital,\u00a0Cuauht\u00e9moc Guti\u00e9rrez de la Torre, por su presunta responsabilidad en los delitos de trata de personas y asociaci\u00f3n delictuosa.<\/p>\n\n\n\n<p>El mandamiento judicial se otorga despu\u00e9s de siete a\u00f1os de haber surgido el esc\u00e1ndalo y de que la entonces Procuradur\u00eda General de Justicia capitalina, en la administraci\u00f3n de\u00a0Miguel \u00c1ngel Mancera, decidi\u00f3 dar carpetazo al asunto. Sin embargo, la indagatoria se reabri\u00f3 porque un Tribunal Federal ampar\u00f3 a tres probables v\u00edctimas.<\/p>\n\n\n\n<p>Tambi\u00e9n se ordena la captura de\u00a0Sandra Esther Vaca Cort\u00e9s,\u00a0diputada local del PRI,\u00a0Roberto Zamorano Pineda, exsecretario de finanzas de dicho partido; as\u00ed como\u00a0Claudia Priscilia Mart\u00ednez Gonz\u00e1lez y Adriana Rodr\u00edguez Regalado, mujeres que supuestamente eran las reclutadoras de la red de prostituci\u00f3n<\/p>\n\n\n\n<p>Dichas personas son se\u00f1aladas&nbsp;por su presunta responsabilidad&nbsp;de los delitos de trata de personas, en las modalidades de explotaci\u00f3n sexual agravada, en grado de tentativa, y de publicidad enga\u00f1osa, as\u00ed como del delito de asociaci\u00f3n delictuosa.<\/p>\n\n\n\n<p>A efecto de dar cumplimiento a esta orden judicial, la Fiscal\u00eda General de Justicia de la Ciudad de M\u00e9xico ha solicitado la colaboraci\u00f3n de la Fiscal\u00eda General de Rep\u00fablica (FGR), del Instituto Nacional de Migraci\u00f3n (INAMI) y de las fiscal\u00edas de las entidades federativas, para la b\u00fasqueda, localizaci\u00f3n y aprehensi\u00f3n de las personas ya citadas.<\/p>\n\n\n\n<h2 class=\"wp-block-heading\">Bloqueo de cuentas&nbsp;<\/h2>\n\n\n\n<p>Por su parte, la Unidad de Inteligencia Financiera (UIF), de la Secretar\u00eda de Hacienda y Cr\u00e9dito P\u00fablico, orden\u00f3 el bloqueo de las cuentas bancarias de los antes mencionados.<\/p>\n\n\n\n<p>En mayo de 2019, la entonces Procuradur\u00eda General de Justicia de la Ciudad de M\u00e9xico reabri\u00f3 la indagatoria contra el priista, pesquisa que originalmente comenz\u00f3 en 2015.<\/p>\n\n\n\n<p>En el gobierno de Miguel \u00c1ngel Mancera la procuradur\u00eda local determin\u00f3 el no ejercicio de la acci\u00f3n penal por considerar que no exist\u00edan pruebas para acusar al priista.<\/p>\n\n\n\n<p>Sin embargo, un juez de Distrito y un Tribunal Federal resolvieron que la investigaci\u00f3n deb\u00eda continuar para determinar si existi\u00f3\u00a0 participaci\u00f3n del priista en la supuesta red de tr\u00e1fico sexual.<\/p>\n\n\n\n<p>La averiguaci\u00f3n previa contra Guti\u00e9rrez de la Torre comenz\u00f3 un a\u00f1o despu\u00e9s de suscitarse el esc\u00e1ndalo.<\/p>\n\n\n\n<p>En un inicio, la Fiscal\u00eda Central de Investigaci\u00f3n para la Atenci\u00f3n de Asuntos Especiales y Electorales tuvo en sus manos el caso, pero derivado del amparo a las mujeres el asunto fue radicado en la Fiscal\u00eda Especializada en el Delito de Trata de Personas para que continuara la investigaci\u00f3n y se indague con perspectiva de g\u00e9nero.<\/p>\n\n\n\n<p>Guti\u00e9rrez de la Torre promovi\u00f3 un amparo buscando que la autoridad local determinara el no ejercicio de la acci\u00f3n penal la averiguaci\u00f3n previa FAE\/A\/T1\/52\/14-04 y sus acumuladas FTP\/TP-1\/T2\/50\/14-05, FAE\/A\/T1\/54\/14-04, FAE\/A\/T2\/75\/14-05, FAE\/A\/T1\/160\/14-08, FDTP\/TP-1\/T1\/0001\/20-01 T1.<\/p>\n\n\n\n<p>Fuente: Milenio<\/p>\n","protected":false},"excerpt":{"rendered":"<p>Un juez penal del Tribunal Superior de Justicia de la Ciudad de M\u00e9xico orden\u00f3 la aprehensi\u00f3n del exl\u00edder del PRI en la capital,\u00a0Cuauht\u00e9moc Guti\u00e9rrez de la Torre, por su presunta responsabilidad en los delitos de trata de personas y asociaci\u00f3n delictuosa. El mandamiento judicial se otorga despu\u00e9s de siete a\u00f1os de haber surgido el esc\u00e1ndalo<a class=\"read-more\" href=\"https:\/\/globalnewsmexico.com\/sitio\/giran-orden-de-captura-contra-cuauhtemoc-gutierrez-exdirigente-del-pri-df\/\">Leer m\u00e1s<\/a><\/p>\n","protected":false},"author":5,"featured_media":62758,"comment_status":"closed","ping_status":"open","sticky":false,"template":"","format":"standard","meta":{"spay_email":"","footnotes":""},"categories":[37,8,49,52],"tags":[],"jetpack_featured_media_url":"https:\/\/i2.wp.com\/globalnewsmexico.com\/sitio\/wp-content\/uploads\/2021\/03\/cuauhtemoc-gutierrez-torre-lider-pri-1.jpeg?fit=958%2C596&ssl=1","jetpack_sharing_enabled":true,"jetpack_shortlink":"https:\/\/wp.me\/p9yqPL-gkd","jetpack_likes_enabled":true,"_links":{"self":[{"href":"https:\/\/globalnewsmexico.com\/sitio\/wp-json\/wp\/v2\/posts\/62757"}],"collection":[{"href":"https:\/\/globalnewsmexico.com\/sitio\/wp-json\/wp\/v2\/posts"}],"about":[{"href":"https:\/\/globalnewsmexico.com\/sitio\/wp-json\/wp\/v2\/types\/post"}],"author":[{"embeddable":true,"href":"https:\/\/globalnewsmexico.com\/sitio\/wp-json\/wp\/v2\/users\/5"}],"replies":[{"embeddable":true,"href":"https:\/\/globalnewsmexico.com\/sitio\/wp-json\/wp\/v2\/comments?post=62757"}],"version-history":[{"count":0,"href":"https:\/\/globalnewsmexico.com\/sitio\/wp-json\/wp\/v2\/posts\/62757\/revisions"}],"wp:featuredmedia":[{"embeddable":true,"href":"https:\/\/globalnewsmexico.com\/sitio\/wp-json\/wp\/v2\/media\/62758"}],"wp:attachment":[{"href":"https:\/\/globalnewsmexico.com\/sitio\/wp-json\/wp\/v2\/media?parent=62757"}],"wp:term":[{"taxonomy":"category","embeddable":true,"href":"https:\/\/globalnewsmexico.com\/sitio\/wp-json\/wp\/v2\/categories?post=62757"},{"taxonomy":"post_tag","embeddable":true,"href":"https:\/\/globalnewsmexico.com\/sitio\/wp-json\/wp\/v2\/tags?post=62757"}],"curies":[{"name":"wp","href":"https:\/\/api.w.org\/{rel}","templated":true}]}}