{"id":62765,"date":"2021-03-09T14:59:17","date_gmt":"2021-03-09T20:59:17","guid":{"rendered":"http:\/\/globalnewsmexico.com\/sitio\/?p=62765"},"modified":"2021-03-09T14:59:21","modified_gmt":"2021-03-09T20:59:21","slug":"renuncia-fiscal-de-ee-uu-al-frente-de-caso-contra-garcia-luna","status":"publish","type":"post","link":"https:\/\/globalnewsmexico.com\/sitio\/renuncia-fiscal-de-ee-uu-al-frente-de-caso-contra-garcia-luna\/","title":{"rendered":"Renuncia fiscal de EE. UU. al frente de caso contra Garc\u00eda Luna"},"content":{"rendered":"\n<p>El fiscal Seth DuCharme anunci\u00f3 su renuncia al cargo en el Distrito Este de Nueva York, Estados Unidos, que llevaba de manera interina desde julio de 2020. Su decisi\u00f3n se har\u00e1 efectiva a partir del 19 de marzo.<\/p>\n\n\n\n<p>Es conocido por llevar, hasta ahora, el caso contra el exsecretario de Seguridad P\u00fablica (SSP), Genaro Garc\u00eda Luna, por narcotr\u00e1fico, y tambi\u00e9n por encabezar, en su momento, la fallida acusaci\u00f3n en contra del exsecretario de la Defensa Nacional (Sedena), Salvador Cienfuegos, imputado igualmente con cargos relacionados a narcotr\u00e1fico, que finalmente le fueron retirados.<br><\/p>\n\n\n\n<p>\u201cHe disfrutado de una carrera larga y gratificante en el Departamento (de Justicia), desde alguacil adjunto de Estados Unidos hasta el fiscal adjunto principal general, a mi cargo actual. En cada etapa de mi carrera, tuve la bendici\u00f3n de enfrentarme a desaf\u00edos dignos en nombre del pueblo estadunidense\u201d, declar\u00f3 DuCharme tras entregar una carta al presidente Joe Biden donde le comunic\u00f3 su voluntad de marcharse.<\/p>\n\n\n\n<p>Aunque no dio m\u00e1s detalles sobre el motivo detr\u00e1s de su decisi\u00f3n, asegur\u00f3 que durante el tiempo que estuvo al frente de la fiscal\u00eda de Brooklyn sus principios rectores \u201chan sido servir a los dem\u00e1s y hacer todo lo posible para llegar a donde m\u00e1s se me necesita\u201d.<\/p>\n\n\n\n<p>Al haber sido nombrado durante la administraci\u00f3n de Donald Trump, es decir, un gobierno de extracci\u00f3n republicana, la renuncia de DuCharme bajo el periodo del dem\u00f3crata Joe Biden no resulta sorpresiva.<\/p>\n\n\n\n<p>El todav\u00eda fiscal explic\u00f3 que luego de que se haga efectiva su dimisi\u00f3n se dedicar\u00e1 a pasar m\u00e1s tiempo con su familia \u201cy hacer la transici\u00f3n de manera cuidadosa y exitosa a la pr\u00e1ctica privada, donde tengo la intenci\u00f3n de servir a los clientes con celo, h\u00e1bil y honorablemente\u201d.<\/p>\n\n\n\n<p>El Departamento de Justicia detall\u00f3 que, tras la salida de DuCharme, ser\u00e1 el fiscal Federal Auxiliar Primero, Mark Lesko, quien paulatinamente asuma algunas de las funciones que quedar\u00e1n vacantes.<\/p>\n\n\n\n<p>DuCharme, de 50 a\u00f1os, se incorpor\u00f3 por primera vez a la Fiscal\u00eda Federal para el Distrito Este de Nueva York en marzo de 2008 y se ha desempe\u00f1ado en las secciones de Cr\u00edmenes Generales, Cr\u00edmenes Violentos y Terrorismo, as\u00ed como Seguridad Nacional y Delitos Cibern\u00e9ticos.<\/p>\n\n\n\n<p>Otro de los casos relevantes en los que particip\u00f3 DuCharme es el llamado juicio del siglo en contra del l\u00edder del c\u00e1rtel de Sinaloa, Joaqu\u00edn&nbsp;<em>El Chapo<\/em>&nbsp;Guzm\u00e1n.<\/p>\n\n\n\n<p>Estar\u00e1 hasta el 19 de marzo encargado de representar a Estados Unidos en contra de Iv\u00e1n Reyes Arzate, antiguo colaborador de Garc\u00eda Luna en la Polic\u00eda Federal, quien ha admitido su colaboraci\u00f3n con el narcotr\u00e1fico y haber entregado informaci\u00f3n confidencial de la DEA (Administraci\u00f3n para el Control de Drogas, por sus siglas en ingl\u00e9s) al c\u00e1rtel de los Beltr\u00e1n Leyva, a cambio de sobornos millonarios.<\/p>\n\n\n\n<p>DuCharme tambi\u00e9n llev\u00f3 las riendas de la acusaci\u00f3n en contra del fundador de NXIVM, Keith Raniere. Tras el juicio, el l\u00edder del culto fue sentenciado a 120 a\u00f1os de prisi\u00f3n por tr\u00e1fico sexual y otros delitos.<\/p>\n\n\n\n<p>Mientras colabor\u00f3 con la fiscal\u00eda del Distrito Este de Nueva York, tambi\u00e9n se levantaron procesos contra otros capos mexicanos que actualmente se encuentran pr\u00f3fugos, han fallecido o incluso, ya han sido condenados.<\/p>\n\n\n\n<p>Rafael Caro Quintero, Vicente Carrillo Fuentes\u00a0<em>El Viceroy,<\/em>\u00a0Edgar Veytia\u00a0<em>El Diablo<\/em>, Arturo Beltr\u00e1n Leyva<em>\u00a0El Barbas<\/em>, H\u00e9ctor Beltr\u00e1n Leyva\u00a0<em>El H<\/em>, Ignacio\u00a0<em>Nacho<\/em>\u00a0Coronel e Ismael\u00a0<em>El Mayo<\/em>\u00a0Zambada, son algunos ejemplos.<\/p>\n\n\n\n<p>Fuente: Agencias<\/p>\n\n\n\n<p><\/p>\n","protected":false},"excerpt":{"rendered":"<p>El fiscal Seth DuCharme anunci\u00f3 su renuncia al cargo en el Distrito Este de Nueva York, Estados Unidos, que llevaba de manera interina desde julio de 2020. Su decisi\u00f3n se har\u00e1 efectiva a partir del 19 de marzo. Es conocido por llevar, hasta ahora, el caso contra el exsecretario de Seguridad P\u00fablica (SSP), Genaro Garc\u00eda<a class=\"read-more\" href=\"https:\/\/globalnewsmexico.com\/sitio\/renuncia-fiscal-de-ee-uu-al-frente-de-caso-contra-garcia-luna\/\">Leer m\u00e1s<\/a><\/p>\n","protected":false},"author":5,"featured_media":62766,"comment_status":"closed","ping_status":"open","sticky":false,"template":"","format":"standard","meta":{"spay_email":"","footnotes":""},"categories":[37,8,48,52],"tags":[],"jetpack_featured_media_url":"https:\/\/i2.wp.com\/globalnewsmexico.com\/sitio\/wp-content\/uploads\/2021\/03\/seth-ducharme-fiscal-de-eu.jpg?fit=958%2C596&ssl=1","jetpack_sharing_enabled":true,"jetpack_shortlink":"https:\/\/wp.me\/p9yqPL-gkl","jetpack_likes_enabled":true,"_links":{"self":[{"href":"https:\/\/globalnewsmexico.com\/sitio\/wp-json\/wp\/v2\/posts\/62765"}],"collection":[{"href":"https:\/\/globalnewsmexico.com\/sitio\/wp-json\/wp\/v2\/posts"}],"about":[{"href":"https:\/\/globalnewsmexico.com\/sitio\/wp-json\/wp\/v2\/types\/post"}],"author":[{"embeddable":true,"href":"https:\/\/globalnewsmexico.com\/sitio\/wp-json\/wp\/v2\/users\/5"}],"replies":[{"embeddable":true,"href":"https:\/\/globalnewsmexico.com\/sitio\/wp-json\/wp\/v2\/comments?post=62765"}],"version-history":[{"count":0,"href":"https:\/\/globalnewsmexico.com\/sitio\/wp-json\/wp\/v2\/posts\/62765\/revisions"}],"wp:featuredmedia":[{"embeddable":true,"href":"https:\/\/globalnewsmexico.com\/sitio\/wp-json\/wp\/v2\/media\/62766"}],"wp:attachment":[{"href":"https:\/\/globalnewsmexico.com\/sitio\/wp-json\/wp\/v2\/media?parent=62765"}],"wp:term":[{"taxonomy":"category","embeddable":true,"href":"https:\/\/globalnewsmexico.com\/sitio\/wp-json\/wp\/v2\/categories?post=62765"},{"taxonomy":"post_tag","embeddable":true,"href":"https:\/\/globalnewsmexico.com\/sitio\/wp-json\/wp\/v2\/tags?post=62765"}],"curies":[{"name":"wp","href":"https:\/\/api.w.org\/{rel}","templated":true}]}}