{"id":62793,"date":"2021-03-10T10:48:26","date_gmt":"2021-03-10T16:48:26","guid":{"rendered":"http:\/\/globalnewsmexico.com\/sitio\/?p=62793"},"modified":"2021-03-10T10:48:34","modified_gmt":"2021-03-10T16:48:34","slug":"muere-isela-vega-emblema-del-cine-mexicano-a-los-81-anos","status":"publish","type":"post","link":"https:\/\/globalnewsmexico.com\/sitio\/muere-isela-vega-emblema-del-cine-mexicano-a-los-81-anos\/","title":{"rendered":"Muere Isela Vega, emblema del cine mexicano, a los 81 a\u00f1os"},"content":{"rendered":"\n<p>Isela Vega, la gran actriz del cine mexicano, muri\u00f3 a los 81 a\u00f1os. La familia de la diva del cine nacional inform\u00f3 del fallecimiento de la tambi\u00e9n guionista, en sus redes sociales.<\/p>\n\n\n\n<p>\u201cHoy muere una mujer y nace una leyenda, Isela Vega, t\u00fa coraz\u00f3n navega y t\u00fa alma ahora descansa, estoy segura que pronto nos volveremos a ver, te amo aqu\u00ed y all\u00e1 ojal\u00e1 te reciba tu amado Juanga con Mariachi as\u00ed como te gustaba, dejas tu legado con nosotros, honrar\u00e9 tu vida el resto de mis d\u00edas&#8230;. te amo\u201d, se lee en el mensaje publicado por la sobrina de la productora.<\/p>\n\n\n\n<h2 class=\"wp-block-heading\">\u00bfQui\u00e9n fue Isela Vega?<\/h2>\n\n\n\n<p>Isela Vega\u00a0naci\u00f3 el 5 de noviembre de 1939 en Hermosillo, Sonora, y alcanz\u00f3 su fama por protagonizar importantes tramas junto a Pedro Armend\u00e1riz, Mauricio Garc\u00e9s y Mario Almada.<\/p>\n\n\n\n<p>La sonorense no solo fue actriz, de hecho, inici\u00f3 su carrera cantando boleros y algunas canciones de los\u00a0Beatles en bares de la Ciudad de M\u00e9xico, mientras estudiaba actuaci\u00f3n y modelaba.<\/p>\n\n\n\n<p>Su salto a la pantalla grande fue con la pel\u00edcula&nbsp;<em>Verano violento&nbsp;<\/em>(1960) junto a Pedro Armend\u00e1riz, Guillermo Murray y Gustavo Rojo.<\/p>\n\n\n\n<p>Entre sus m\u00e1s destacadas actuaciones se encuentran las que realiz\u00f3 en pel\u00edculas como&nbsp;<em>El Infierno<\/em>,&nbsp;<em>La Ley de Herodes<\/em>,&nbsp;<em>Verano violento<\/em>&nbsp;y&nbsp;<em>Don Juan 67<\/em>.<\/p>\n\n\n\n<p>Recibi\u00f3 el premio Ariel como mejor actriz en cuatro ocasiones: 1984&nbsp;<em>La viuda negra<\/em>; 2000&nbsp;<em>La ley de Herodes<\/em>; 2007&nbsp;<em>Fuera del cielo<\/em>; y en 2015&nbsp;<em>Las horas contigo<\/em>.<\/p>\n\n\n\n<p>En sus m\u00e1s de 60 a\u00f1os de carrera fue reconocida con cinco premios Ariel en distintas categor\u00edas como mejor actriz y mejor coactuaci\u00f3n femenina y particip\u00f3 en 130 pel\u00edculas.<\/p>\n\n\n\n<p>Su trabajo m\u00e1s reciente fue en la segunda tempoprada de la serie de Netflix,&nbsp;<em>La Casa de las Flores<\/em>, como&nbsp;la abuela Victoria.&nbsp;<\/p>\n\n\n\n<h2 class=\"wp-block-heading\">Su aparici\u00f3n en la revista&nbsp;<em>Playboy<\/em><\/h2>\n\n\n\n<p>Desde peque\u00f1a, la belleza de Isela Vega la hizo destacar, incluso, en&nbsp;1957, a los 8 a\u00f1os la sonorense fue princesa del Carnaval de Hermosillo, lo que fue la puerta de entrada al mundo del modelaje, que m\u00e1s tarde la llevar\u00eda a la actuaci\u00f3n.&nbsp;<\/p>\n\n\n\n<p>En 1974 se convirti\u00f3 en la primera mujer latina en aparecer en la versi\u00f3n estadunidense de la revista Playboy, en el n\u00famero de julio de ese a\u00f1o. Ese mismo a\u00f1o hizo su debut en el cine norteamericano con la cinta The deadly trackers.<\/p>\n\n\n\n<p>En 2017, en la ceremonia de los Premios Ariel, donde recibi\u00f3 el premio de Oro por su amplia trayectoria dijo que se sent\u00eda feliz y satisfecha: \u201cSoy feliz y no me quejo de nada, es una maravilla mi trabajo, lo he disfrutado\u201d.<\/p>\n\n\n\n<p>Tras el anuncio, las condolencias no se hicieron esperar; el Instituto Mexicano de Cinematograf\u00eda fue uno de los primeros en lamentar la partida de la tambi\u00e9n guionista.<\/p>\n\n\n\n<p>Fuente: Milenio<\/p>\n","protected":false},"excerpt":{"rendered":"<p>Isela Vega, la gran actriz del cine mexicano, muri\u00f3 a los 81 a\u00f1os. La familia de la diva del cine nacional inform\u00f3 del fallecimiento de la tambi\u00e9n guionista, en sus redes sociales. \u201cHoy muere una mujer y nace una leyenda, Isela Vega, t\u00fa coraz\u00f3n navega y t\u00fa alma ahora descansa, estoy segura que pronto nos<a class=\"read-more\" href=\"https:\/\/globalnewsmexico.com\/sitio\/muere-isela-vega-emblema-del-cine-mexicano-a-los-81-anos\/\">Leer m\u00e1s<\/a><\/p>\n","protected":false},"author":5,"featured_media":62794,"comment_status":"closed","ping_status":"open","sticky":false,"template":"","format":"standard","meta":{"spay_email":"","footnotes":""},"categories":[37,8,49,52],"tags":[],"jetpack_featured_media_url":"https:\/\/i1.wp.com\/globalnewsmexico.com\/sitio\/wp-content\/uploads\/2021\/03\/isela-vega-nacio-hermosillo-sonora_0_15_1200_745.jpeg?fit=958%2C596&ssl=1","jetpack_sharing_enabled":true,"jetpack_shortlink":"https:\/\/wp.me\/p9yqPL-gkN","jetpack_likes_enabled":true,"_links":{"self":[{"href":"https:\/\/globalnewsmexico.com\/sitio\/wp-json\/wp\/v2\/posts\/62793"}],"collection":[{"href":"https:\/\/globalnewsmexico.com\/sitio\/wp-json\/wp\/v2\/posts"}],"about":[{"href":"https:\/\/globalnewsmexico.com\/sitio\/wp-json\/wp\/v2\/types\/post"}],"author":[{"embeddable":true,"href":"https:\/\/globalnewsmexico.com\/sitio\/wp-json\/wp\/v2\/users\/5"}],"replies":[{"embeddable":true,"href":"https:\/\/globalnewsmexico.com\/sitio\/wp-json\/wp\/v2\/comments?post=62793"}],"version-history":[{"count":0,"href":"https:\/\/globalnewsmexico.com\/sitio\/wp-json\/wp\/v2\/posts\/62793\/revisions"}],"wp:featuredmedia":[{"embeddable":true,"href":"https:\/\/globalnewsmexico.com\/sitio\/wp-json\/wp\/v2\/media\/62794"}],"wp:attachment":[{"href":"https:\/\/globalnewsmexico.com\/sitio\/wp-json\/wp\/v2\/media?parent=62793"}],"wp:term":[{"taxonomy":"category","embeddable":true,"href":"https:\/\/globalnewsmexico.com\/sitio\/wp-json\/wp\/v2\/categories?post=62793"},{"taxonomy":"post_tag","embeddable":true,"href":"https:\/\/globalnewsmexico.com\/sitio\/wp-json\/wp\/v2\/tags?post=62793"}],"curies":[{"name":"wp","href":"https:\/\/api.w.org\/{rel}","templated":true}]}}