{"id":62816,"date":"2021-03-10T13:37:16","date_gmt":"2021-03-10T19:37:16","guid":{"rendered":"http:\/\/globalnewsmexico.com\/sitio\/?p=62816"},"modified":"2021-03-10T13:37:20","modified_gmt":"2021-03-10T19:37:20","slug":"alcalde-de-cuajimalpa-denuncia-ante-fgj-cdmx-amenazas-de-muerte","status":"publish","type":"post","link":"https:\/\/globalnewsmexico.com\/sitio\/alcalde-de-cuajimalpa-denuncia-ante-fgj-cdmx-amenazas-de-muerte\/","title":{"rendered":"Alcalde de Cuajimalpa denuncia ante FGJ-CDMX amenazas de muerte"},"content":{"rendered":"\n<p>El alcalde de Cuajimalpa, Adri\u00e1n Rubalcava, denunci\u00f3 ante la Fiscal\u00eda General de Justicia de la Ciudad de M\u00e9xico ser v\u00edctima de extorsiones y amenazas de muerte en contra de \u00e9l y su familia.<\/p>\n\n\n\n<p>En un comunicado, el edil detall\u00f3 que, desde el 17 de enero, fue objeto de actos de extorsiones, intimidaciones y amenazas que, si bien al inicio no les dio importancia, \u00abhoy no me queda otra m\u00e1s que hacerlo del conocimiento de toda la ciudadan\u00eda, debido a la brutalidad, realidad y credibilidad que se ha manifestado de los que las est\u00e1n perpetrando\u00bb.<\/p>\n\n\n\n<p>\u00abVengo a denunciar un ataque a la democracia de la Ciudad de M\u00e9xico. Esto sucede ante uno de los peores momentos para ser candidato a un puesto de elecci\u00f3n popular.<\/p>\n\n\n\n<p>Los n\u00fameros son aterradores. Como lo informaron diversos medios de comunicaci\u00f3n, se han registrado 53 pol\u00edticos asesinados y 66 funcionarios, y ni siquiera han iniciado formalmente las campa\u00f1as\u00bb, agreg\u00f3.<\/p>\n\n\n\n<p>De acuerdo con el alcalde, el 6 de marzo, acudi\u00f3 a denunciar\u00a0 extorsiones y amenazas de muerte de las que ha sido objeto; adem\u00e1s, indic\u00f3 que, no podr\u00e1 entrar en detalles de los nombres de las personas que quieren terminar con su vida o de su familia.<\/p>\n\n\n\n<p>\u00abLo que hoy puedo hacer aqu\u00ed es advertir de manera p\u00fablica que la evidencia es irrefutable y que el riesgo que atenten contra mi vida o la de mi familia, es real y latente. Desde un punto de vista m\u00e1s amplio, esto no s\u00f3lo se trata de m\u00ed, sino tambi\u00e9n de otros pol\u00edticos que pudieran estar pasando por la misma circunstancia\u00bb, expres\u00f3.<\/p>\n\n\n\n<p>Adri\u00e1n Rubalcava asegur\u00f3 que \u00abse que me quieren quitar de en medio para ganar y que eligieron la violencia para lograrlo, aunque con esto destruyan la voluntad y opini\u00f3n de los cuajimalpenses\u00bb.<\/p>\n\n\n\n<p>Finalmente, dijo que conf\u00eda plena y absolutamente en las instituciones de la ciudad, quienes espera que le brinden paz, seguridad y justicia, para prevenir que los implicados logren da\u00f1ar su integridad.<\/p>\n\n\n\n<p>Fuente: Milenio<\/p>\n","protected":false},"excerpt":{"rendered":"<p>El alcalde de Cuajimalpa, Adri\u00e1n Rubalcava, denunci\u00f3 ante la Fiscal\u00eda General de Justicia de la Ciudad de M\u00e9xico ser v\u00edctima de extorsiones y amenazas de muerte en contra de \u00e9l y su familia. En un comunicado, el edil detall\u00f3 que, desde el 17 de enero, fue objeto de actos de extorsiones, intimidaciones y amenazas que,<a class=\"read-more\" href=\"https:\/\/globalnewsmexico.com\/sitio\/alcalde-de-cuajimalpa-denuncia-ante-fgj-cdmx-amenazas-de-muerte\/\">Leer m\u00e1s<\/a><\/p>\n","protected":false},"author":5,"featured_media":62817,"comment_status":"closed","ping_status":"open","sticky":false,"template":"","format":"standard","meta":{"spay_email":"","footnotes":""},"categories":[37,8,49,52],"tags":[],"jetpack_featured_media_url":"https:\/\/i2.wp.com\/globalnewsmexico.com\/sitio\/wp-content\/uploads\/2021\/03\/diputado-adrian-rubalcava-pri-apoyo.jpeg?fit=958%2C596&ssl=1","jetpack_sharing_enabled":true,"jetpack_shortlink":"https:\/\/wp.me\/p9yqPL-gla","jetpack_likes_enabled":true,"_links":{"self":[{"href":"https:\/\/globalnewsmexico.com\/sitio\/wp-json\/wp\/v2\/posts\/62816"}],"collection":[{"href":"https:\/\/globalnewsmexico.com\/sitio\/wp-json\/wp\/v2\/posts"}],"about":[{"href":"https:\/\/globalnewsmexico.com\/sitio\/wp-json\/wp\/v2\/types\/post"}],"author":[{"embeddable":true,"href":"https:\/\/globalnewsmexico.com\/sitio\/wp-json\/wp\/v2\/users\/5"}],"replies":[{"embeddable":true,"href":"https:\/\/globalnewsmexico.com\/sitio\/wp-json\/wp\/v2\/comments?post=62816"}],"version-history":[{"count":0,"href":"https:\/\/globalnewsmexico.com\/sitio\/wp-json\/wp\/v2\/posts\/62816\/revisions"}],"wp:featuredmedia":[{"embeddable":true,"href":"https:\/\/globalnewsmexico.com\/sitio\/wp-json\/wp\/v2\/media\/62817"}],"wp:attachment":[{"href":"https:\/\/globalnewsmexico.com\/sitio\/wp-json\/wp\/v2\/media?parent=62816"}],"wp:term":[{"taxonomy":"category","embeddable":true,"href":"https:\/\/globalnewsmexico.com\/sitio\/wp-json\/wp\/v2\/categories?post=62816"},{"taxonomy":"post_tag","embeddable":true,"href":"https:\/\/globalnewsmexico.com\/sitio\/wp-json\/wp\/v2\/tags?post=62816"}],"curies":[{"name":"wp","href":"https:\/\/api.w.org\/{rel}","templated":true}]}}