{"id":62819,"date":"2021-03-10T14:33:03","date_gmt":"2021-03-10T20:33:03","guid":{"rendered":"http:\/\/globalnewsmexico.com\/sitio\/?p=62819"},"modified":"2021-03-10T14:33:08","modified_gmt":"2021-03-10T20:33:08","slug":"gobernador-de-veracruz-confirma-que-hay-detenidos-por-asesinato-de-exalcaldesa-de-cosoleacaque","status":"publish","type":"post","link":"https:\/\/globalnewsmexico.com\/sitio\/gobernador-de-veracruz-confirma-que-hay-detenidos-por-asesinato-de-exalcaldesa-de-cosoleacaque\/","title":{"rendered":"Gobernador de Veracruz confirma que hay detenidos por asesinato de exalcaldesa de Cosoleacaque"},"content":{"rendered":"\n<p>El gobernador de Veracruz, Cuitl\u00e1huac Garc\u00eda Jim\u00e9nez, confirm\u00f3 que hay detenidos por el asesinato de la exalcaldesa de Cosoleacaque, Gladys Merl\u00edn Castro, y su hija Carla Enr\u00edquez Merl\u00edn.<\/p>\n\n\n\n<p>Cabe recordar que este mi\u00e9rcoles en la conferencia de prensa ma\u00f1anera, el presidente Andr\u00e9s Manuel L\u00f3pez Obrador adelant\u00f3 que ya hab\u00eda detenidos por este caso y que contin\u00faan las investigaciones al respecto.<\/p>\n\n\n\n<p>En este sentido, el gobernador asegur\u00f3 que \u00abno\u00a0hay influyentismo, no hay mano negra, no hay quien quiera tapar o usar chivos expiatorios\u00bb.<\/p>\n\n\n\n<p>Asimismo, asegur\u00f3 que son los \u00abprimeros que queremos que esto se esclarezca\u00bb.<\/p>\n\n\n\n<p>Fuente: Xeu Noticias<\/p>\n","protected":false},"excerpt":{"rendered":"<p>El gobernador de Veracruz, Cuitl\u00e1huac Garc\u00eda Jim\u00e9nez, confirm\u00f3 que hay detenidos por el asesinato de la exalcaldesa de Cosoleacaque, Gladys Merl\u00edn Castro, y su hija Carla Enr\u00edquez Merl\u00edn. Cabe recordar que este mi\u00e9rcoles en la conferencia de prensa ma\u00f1anera, el presidente Andr\u00e9s Manuel L\u00f3pez Obrador adelant\u00f3 que ya hab\u00eda detenidos por este caso y que<a class=\"read-more\" href=\"https:\/\/globalnewsmexico.com\/sitio\/gobernador-de-veracruz-confirma-que-hay-detenidos-por-asesinato-de-exalcaldesa-de-cosoleacaque\/\">Leer m\u00e1s<\/a><\/p>\n","protected":false},"author":5,"featured_media":62821,"comment_status":"closed","ping_status":"open","sticky":false,"template":"","format":"standard","meta":{"spay_email":"","footnotes":""},"categories":[37,8,50,52],"tags":[],"jetpack_featured_media_url":"https:\/\/i0.wp.com\/globalnewsmexico.com\/sitio\/wp-content\/uploads\/2021\/03\/1148008.jpg?fit=1024%2C682&ssl=1","jetpack_sharing_enabled":true,"jetpack_shortlink":"https:\/\/wp.me\/p9yqPL-gld","jetpack_likes_enabled":true,"_links":{"self":[{"href":"https:\/\/globalnewsmexico.com\/sitio\/wp-json\/wp\/v2\/posts\/62819"}],"collection":[{"href":"https:\/\/globalnewsmexico.com\/sitio\/wp-json\/wp\/v2\/posts"}],"about":[{"href":"https:\/\/globalnewsmexico.com\/sitio\/wp-json\/wp\/v2\/types\/post"}],"author":[{"embeddable":true,"href":"https:\/\/globalnewsmexico.com\/sitio\/wp-json\/wp\/v2\/users\/5"}],"replies":[{"embeddable":true,"href":"https:\/\/globalnewsmexico.com\/sitio\/wp-json\/wp\/v2\/comments?post=62819"}],"version-history":[{"count":0,"href":"https:\/\/globalnewsmexico.com\/sitio\/wp-json\/wp\/v2\/posts\/62819\/revisions"}],"wp:featuredmedia":[{"embeddable":true,"href":"https:\/\/globalnewsmexico.com\/sitio\/wp-json\/wp\/v2\/media\/62821"}],"wp:attachment":[{"href":"https:\/\/globalnewsmexico.com\/sitio\/wp-json\/wp\/v2\/media?parent=62819"}],"wp:term":[{"taxonomy":"category","embeddable":true,"href":"https:\/\/globalnewsmexico.com\/sitio\/wp-json\/wp\/v2\/categories?post=62819"},{"taxonomy":"post_tag","embeddable":true,"href":"https:\/\/globalnewsmexico.com\/sitio\/wp-json\/wp\/v2\/tags?post=62819"}],"curies":[{"name":"wp","href":"https:\/\/api.w.org\/{rel}","templated":true}]}}