{"id":62846,"date":"2021-03-10T21:22:24","date_gmt":"2021-03-11T03:22:24","guid":{"rendered":"http:\/\/globalnewsmexico.com\/sitio\/?p=62846"},"modified":"2021-03-10T21:22:28","modified_gmt":"2021-03-11T03:22:28","slug":"secretaria-de-salud-analiza-vacunar-a-ninos-contra-el-covid-19","status":"publish","type":"post","link":"https:\/\/globalnewsmexico.com\/sitio\/secretaria-de-salud-analiza-vacunar-a-ninos-contra-el-covid-19\/","title":{"rendered":"Secretar\u00eda de Salud analiza vacunar a ni\u00f1os contra el Covid-19"},"content":{"rendered":"\n<p>El\u00a0subsecretario de Salud,\u00a0Hugo L\u00f3pez-Gatell, indic\u00f3 que\u00a0en\u00a0M\u00e9xico se est\u00e1 planteando vacunar a ni\u00f1os, como parte de la estrategia de prevenci\u00f3n y control de la epidemia de Covid-19.<\/p>\n\n\n\n<p>\u00abSe conoce que los ni\u00f1os casi no tienen s\u00edntomas, o la frecuencia, la probabilidad de qu\u00e9 tengan s\u00edntomas es considerablemente menor cuando se les compara con personas mayores de edad; sin embargo, tienen gran capacidad de transmitir y en un momento dado, una parte importante de la prevenci\u00f3n consiste en vacunar a los menores de edad para que, si bien no tienen un riesgo importante de tener s\u00edntomas o de tener complicaciones, tambi\u00e9n pudieran contribuir a que no se transmita el virus a partir de los ni\u00f1os\u00bb, indic\u00f3 en conferencia de prensa.<\/p>\n\n\n\n<p>Destac\u00f3 que de momento no es parte sustancial de la estrategia, pero conforme vayan empezando a fluir los resultados cient\u00edficos, \u00abpodr\u00edamos abordar ese tipo de componentes de prevenci\u00f3n poblacional\u201d, a\u00f1adi\u00f3.<\/p>\n\n\n\n<p>Fuente: Xeu Noticias<\/p>\n","protected":false},"excerpt":{"rendered":"<p>El\u00a0subsecretario de Salud,\u00a0Hugo L\u00f3pez-Gatell, indic\u00f3 que\u00a0en\u00a0M\u00e9xico se est\u00e1 planteando vacunar a ni\u00f1os, como parte de la estrategia de prevenci\u00f3n y control de la epidemia de Covid-19. \u00abSe conoce que los ni\u00f1os casi no tienen s\u00edntomas, o la frecuencia, la probabilidad de qu\u00e9 tengan s\u00edntomas es considerablemente menor cuando se les compara con personas mayores de<a class=\"read-more\" href=\"https:\/\/globalnewsmexico.com\/sitio\/secretaria-de-salud-analiza-vacunar-a-ninos-contra-el-covid-19\/\">Leer m\u00e1s<\/a><\/p>\n","protected":false},"author":5,"featured_media":62847,"comment_status":"closed","ping_status":"open","sticky":false,"template":"","format":"standard","meta":{"spay_email":"","footnotes":""},"categories":[37,8,39,52],"tags":[],"jetpack_featured_media_url":"https:\/\/i2.wp.com\/globalnewsmexico.com\/sitio\/wp-content\/uploads\/2021\/03\/1148069.jpg?fit=1024%2C604&ssl=1","jetpack_sharing_enabled":true,"jetpack_shortlink":"https:\/\/wp.me\/p9yqPL-glE","jetpack_likes_enabled":true,"_links":{"self":[{"href":"https:\/\/globalnewsmexico.com\/sitio\/wp-json\/wp\/v2\/posts\/62846"}],"collection":[{"href":"https:\/\/globalnewsmexico.com\/sitio\/wp-json\/wp\/v2\/posts"}],"about":[{"href":"https:\/\/globalnewsmexico.com\/sitio\/wp-json\/wp\/v2\/types\/post"}],"author":[{"embeddable":true,"href":"https:\/\/globalnewsmexico.com\/sitio\/wp-json\/wp\/v2\/users\/5"}],"replies":[{"embeddable":true,"href":"https:\/\/globalnewsmexico.com\/sitio\/wp-json\/wp\/v2\/comments?post=62846"}],"version-history":[{"count":0,"href":"https:\/\/globalnewsmexico.com\/sitio\/wp-json\/wp\/v2\/posts\/62846\/revisions"}],"wp:featuredmedia":[{"embeddable":true,"href":"https:\/\/globalnewsmexico.com\/sitio\/wp-json\/wp\/v2\/media\/62847"}],"wp:attachment":[{"href":"https:\/\/globalnewsmexico.com\/sitio\/wp-json\/wp\/v2\/media?parent=62846"}],"wp:term":[{"taxonomy":"category","embeddable":true,"href":"https:\/\/globalnewsmexico.com\/sitio\/wp-json\/wp\/v2\/categories?post=62846"},{"taxonomy":"post_tag","embeddable":true,"href":"https:\/\/globalnewsmexico.com\/sitio\/wp-json\/wp\/v2\/tags?post=62846"}],"curies":[{"name":"wp","href":"https:\/\/api.w.org\/{rel}","templated":true}]}}