{"id":62857,"date":"2021-03-11T10:16:45","date_gmt":"2021-03-11T16:16:45","guid":{"rendered":"http:\/\/globalnewsmexico.com\/sitio\/?p=62857"},"modified":"2021-03-11T10:17:13","modified_gmt":"2021-03-11T16:17:13","slug":"dinamarca-suspende-vacuna-astrazeneca-contra-covid-19-por-casos-graves-de-trombos","status":"publish","type":"post","link":"https:\/\/globalnewsmexico.com\/sitio\/dinamarca-suspende-vacuna-astrazeneca-contra-covid-19-por-casos-graves-de-trombos\/","title":{"rendered":"Dinamarca suspende vacuna AstraZeneca contra Covid-19 por casos graves de trombos"},"content":{"rendered":"\n<p>La Direcci\u00f3n General de Sanidad de Dinamarca anunci\u00f3 la suspensi\u00f3n temporal de la vacuna de AstraZeneca\u00a0contra el Covid-19, tras registrar\u00a0\u00abgraves casos de trombos\u00bb\u00a0en personas que la hab\u00edan recibido.<\/p>\n\n\n\n<p>Uno de los casos est\u00e1 relacionado con una muerte, explicaron en un\u00a0comunicado las autoridades sanitarias, que resaltan que todav\u00eda no se puede concluir que haya una relaci\u00f3n entre la vacuna y los trombos.<\/p>\n\n\n\n<p>La\u00a0Agencia Europea del Medicamento (EMA) ha iniciado una investigaci\u00f3n al respecto, seg\u00fan la Direcci\u00f3n General de Sanidad danesa.<\/p>\n\n\n\n<p>Fuente: Agencias<\/p>\n","protected":false},"excerpt":{"rendered":"<p>La Direcci\u00f3n General de Sanidad de Dinamarca anunci\u00f3 la suspensi\u00f3n temporal de la vacuna de AstraZeneca\u00a0contra el Covid-19, tras registrar\u00a0\u00abgraves casos de trombos\u00bb\u00a0en personas que la hab\u00edan recibido. Uno de los casos est\u00e1 relacionado con una muerte, explicaron en un\u00a0comunicado las autoridades sanitarias, que resaltan que todav\u00eda no se puede concluir que haya una relaci\u00f3n<a class=\"read-more\" href=\"https:\/\/globalnewsmexico.com\/sitio\/dinamarca-suspende-vacuna-astrazeneca-contra-covid-19-por-casos-graves-de-trombos\/\">Leer m\u00e1s<\/a><\/p>\n","protected":false},"author":5,"featured_media":62858,"comment_status":"closed","ping_status":"open","sticky":false,"template":"","format":"standard","meta":{"spay_email":"","footnotes":""},"categories":[37,8,48,52],"tags":[],"jetpack_featured_media_url":"https:\/\/i1.wp.com\/globalnewsmexico.com\/sitio\/wp-content\/uploads\/2021\/03\/vacuna-astrazeneca-aprobada-reino-unido.jpg?fit=958%2C596&ssl=1","jetpack_sharing_enabled":true,"jetpack_shortlink":"https:\/\/wp.me\/p9yqPL-glP","jetpack_likes_enabled":true,"_links":{"self":[{"href":"https:\/\/globalnewsmexico.com\/sitio\/wp-json\/wp\/v2\/posts\/62857"}],"collection":[{"href":"https:\/\/globalnewsmexico.com\/sitio\/wp-json\/wp\/v2\/posts"}],"about":[{"href":"https:\/\/globalnewsmexico.com\/sitio\/wp-json\/wp\/v2\/types\/post"}],"author":[{"embeddable":true,"href":"https:\/\/globalnewsmexico.com\/sitio\/wp-json\/wp\/v2\/users\/5"}],"replies":[{"embeddable":true,"href":"https:\/\/globalnewsmexico.com\/sitio\/wp-json\/wp\/v2\/comments?post=62857"}],"version-history":[{"count":0,"href":"https:\/\/globalnewsmexico.com\/sitio\/wp-json\/wp\/v2\/posts\/62857\/revisions"}],"wp:featuredmedia":[{"embeddable":true,"href":"https:\/\/globalnewsmexico.com\/sitio\/wp-json\/wp\/v2\/media\/62858"}],"wp:attachment":[{"href":"https:\/\/globalnewsmexico.com\/sitio\/wp-json\/wp\/v2\/media?parent=62857"}],"wp:term":[{"taxonomy":"category","embeddable":true,"href":"https:\/\/globalnewsmexico.com\/sitio\/wp-json\/wp\/v2\/categories?post=62857"},{"taxonomy":"post_tag","embeddable":true,"href":"https:\/\/globalnewsmexico.com\/sitio\/wp-json\/wp\/v2\/tags?post=62857"}],"curies":[{"name":"wp","href":"https:\/\/api.w.org\/{rel}","templated":true}]}}