{"id":62894,"date":"2021-03-11T15:55:56","date_gmt":"2021-03-11T21:55:56","guid":{"rendered":"http:\/\/globalnewsmexico.com\/sitio\/?p=62894"},"modified":"2021-03-11T15:56:02","modified_gmt":"2021-03-11T21:56:02","slug":"solicitan-ficha-roja-de-interpol-contra-cuauhtemoc-gutierrez-exlider-del-pri-df","status":"publish","type":"post","link":"https:\/\/globalnewsmexico.com\/sitio\/solicitan-ficha-roja-de-interpol-contra-cuauhtemoc-gutierrez-exlider-del-pri-df\/","title":{"rendered":"Solicitan ficha roja de Interpol contra Cuauht\u00e9moc Guti\u00e9rrez, exl\u00edder del PRI-DF"},"content":{"rendered":"\n<p>La Fiscal\u00eda General de Justicia de la Ciudad de M\u00e9xico inform\u00f3 que ya se solicit\u00f3 la ficha roja de Interpol para dar con el paradero de\u00a0Cuauht\u00e9moc Guti\u00e9rrez de la Torre, exl\u00edder del PRI en el entonces Distrito Federal.<\/p>\n\n\n\n<p>El priista, quien cuenta con una orden de aprehensi\u00f3n, es se\u00f1alado por su presunta responsabilidad en los\u00a0delitos de trata de personas y asociaci\u00f3n delictuosa.<\/p>\n\n\n\n<p>En conferencia de prensa, la titular de la Fiscal\u00eda capitalina, Ernestina Godoy, indic\u00f3 que\u00a0se pidi\u00f3 la correspondiente emisi\u00f3n de una alerta ante el\u00a0Instituto Nacional de Migraci\u00f3n\u00a0y se solicit\u00f3\u00a0a la Unidad de Inteligencia Financiera, dependiente de la Secretar\u00eda de Hacienda y Cr\u00e9dito P\u00fablico,\u00a0el congelamiento de las cuentas bancarias del priista y a cuatro personas m\u00e1s.<\/p>\n\n\n\n<p>Asimismo se orden\u00f3 la captura de\u00a0Sandra Esther Vaca Cort\u00e9s,\u00a0diputada local del PRI; Roberto Zamorano Pineda, exsecretario de finanzas de dicho partido; as\u00ed como\u00a0Claudia Priscilia Mart\u00ednez Gonz\u00e1lez y Adriana Rodr\u00edguez Regalado, mujeres que supuestamente eran las reclutadoras de la red de prostituci\u00f3n.<\/p>\n\n\n\n<p>Aunque de acuerdo con Godoy, ya se cumpliment\u00f3 una orden de aprehensi\u00f3n contra Adriana, quien,\u00a0dijo, \u00abform\u00f3 parte de las colaboradoras y subalternas del exl\u00edder partidista que,\u00a0publicaban anuncios de ofertas de trabajo en peri\u00f3dicos y portales de internet, reclutaban a mujeres, para inducirlas a ofrecer servicios sexuales a su jefe\u00bb.<\/p>\n\n\n\n<p>\u00abLa mujer se\u00f1alada fue trasladada al Centro Femenil Santa Martha Acatitla para quedar a disposici\u00f3n de la autoridad judicial que la requiri\u00f3, quien en las pr\u00f3ximas horas determinar\u00e1 su situaci\u00f3n legal\u00bb, indic\u00f3.<\/p>\n\n\n\n<p>La fiscal se\u00f1al\u00f3 que los dos hombres y las tres mujeres son probables responsables de los\u00a0delitos de trata de personas, en las modalidades de explotaci\u00f3n sexual agravada, en grado de tentativa, y de publicidad enga\u00f1osa, as\u00ed como del delito de asociaci\u00f3n delictuosa.<\/p>\n\n\n\n<p>\u00abCon base en lo anterior, tambi\u00e9n solicitamos a la Direcci\u00f3n General de Asuntos Policiales Internacionales e Interpol de la Fiscal\u00eda General de la Rep\u00fablica la emisi\u00f3n de fichas rojas para la b\u00fasqueda, localizaci\u00f3n y aprehensi\u00f3n de las personas ya citadas\u00bb, dijo Ernestina Godoy.\u00a0<\/p>\n\n\n\n<h2 class=\"wp-block-heading\">Se pretendi\u00f3 ocultar la investigaci\u00f3n: Godoy<\/h2>\n\n\n\n<p>La fiscal coment\u00f3 que&nbsp;despu\u00e9s de una \u00abrevisi\u00f3n rigurosa de la averiguaci\u00f3n previa\u00bb, se orden\u00f3 ampliar las diligencias para perfeccionar la investigaci\u00f3n sobre este caso, con el objetivo de encontrar la verdad y la justicia, \u00abya que, en su momento, se pretendi\u00f3 ocultar la indagatoria para que, con el tiempo, prescribiera\u00bb.<\/p>\n\n\n\n<p>\u00abOrden\u00e9 la realizaci\u00f3n de una investigaci\u00f3n interna a efecto de determinar responsabilidades por omisiones contenidas en la investigaci\u00f3n realizada por la entonces Procuradur\u00eda General de Justicia de la Ciudad\u00bb, dijo.<\/p>\n\n\n\n<p>Fuente: Milenio<\/p>\n","protected":false},"excerpt":{"rendered":"<p>La Fiscal\u00eda General de Justicia de la Ciudad de M\u00e9xico inform\u00f3 que ya se solicit\u00f3 la ficha roja de Interpol para dar con el paradero de\u00a0Cuauht\u00e9moc Guti\u00e9rrez de la Torre, exl\u00edder del PRI en el entonces Distrito Federal. El priista, quien cuenta con una orden de aprehensi\u00f3n, es se\u00f1alado por su presunta responsabilidad en los\u00a0delitos<a class=\"read-more\" href=\"https:\/\/globalnewsmexico.com\/sitio\/solicitan-ficha-roja-de-interpol-contra-cuauhtemoc-gutierrez-exlider-del-pri-df\/\">Leer m\u00e1s<\/a><\/p>\n","protected":false},"author":5,"featured_media":62895,"comment_status":"closed","ping_status":"open","sticky":false,"template":"","format":"standard","meta":{"spay_email":"","footnotes":""},"categories":[37,8,49,52],"tags":[],"jetpack_featured_media_url":"https:\/\/i1.wp.com\/globalnewsmexico.com\/sitio\/wp-content\/uploads\/2021\/03\/cuauhtemoc-gutierrez-torre-pri-capitalino_0_33_490_304.jpeg?fit=958%2C596&ssl=1","jetpack_sharing_enabled":true,"jetpack_shortlink":"https:\/\/wp.me\/p9yqPL-gmq","jetpack_likes_enabled":true,"_links":{"self":[{"href":"https:\/\/globalnewsmexico.com\/sitio\/wp-json\/wp\/v2\/posts\/62894"}],"collection":[{"href":"https:\/\/globalnewsmexico.com\/sitio\/wp-json\/wp\/v2\/posts"}],"about":[{"href":"https:\/\/globalnewsmexico.com\/sitio\/wp-json\/wp\/v2\/types\/post"}],"author":[{"embeddable":true,"href":"https:\/\/globalnewsmexico.com\/sitio\/wp-json\/wp\/v2\/users\/5"}],"replies":[{"embeddable":true,"href":"https:\/\/globalnewsmexico.com\/sitio\/wp-json\/wp\/v2\/comments?post=62894"}],"version-history":[{"count":0,"href":"https:\/\/globalnewsmexico.com\/sitio\/wp-json\/wp\/v2\/posts\/62894\/revisions"}],"wp:featuredmedia":[{"embeddable":true,"href":"https:\/\/globalnewsmexico.com\/sitio\/wp-json\/wp\/v2\/media\/62895"}],"wp:attachment":[{"href":"https:\/\/globalnewsmexico.com\/sitio\/wp-json\/wp\/v2\/media?parent=62894"}],"wp:term":[{"taxonomy":"category","embeddable":true,"href":"https:\/\/globalnewsmexico.com\/sitio\/wp-json\/wp\/v2\/categories?post=62894"},{"taxonomy":"post_tag","embeddable":true,"href":"https:\/\/globalnewsmexico.com\/sitio\/wp-json\/wp\/v2\/tags?post=62894"}],"curies":[{"name":"wp","href":"https:\/\/api.w.org\/{rel}","templated":true}]}}