{"id":62947,"date":"2021-03-12T14:15:18","date_gmt":"2021-03-12T20:15:18","guid":{"rendered":"http:\/\/globalnewsmexico.com\/sitio\/?p=62947"},"modified":"2021-03-12T14:15:26","modified_gmt":"2021-03-12T20:15:26","slug":"autoriza-cofepris-uso-de-emergencia-del-remdesivir-contra-el-covid-19","status":"publish","type":"post","link":"https:\/\/globalnewsmexico.com\/sitio\/autoriza-cofepris-uso-de-emergencia-del-remdesivir-contra-el-covid-19\/","title":{"rendered":"Autoriza Cofepris uso de emergencia del Remdesivir contra el Covid-19"},"content":{"rendered":"\n<p>La Comisi\u00f3n Federal para la Protecci\u00f3n Contra Riesgos Sanitarios (Cofepris) autoriz\u00f3 el medicamento Remdesivir, para el uso de emergencia contra el Covid-19.<\/p>\n\n\n\n<p>Inform\u00f3 en un comunicado que, despu\u00e9s de una evaluaci\u00f3n por parte de la Comisi\u00f3n de Autorizaci\u00f3n Sanitaria, enfocada en garantizar el cumplimiento de los requisitos necesarios en materia de calidad, seguridad y eficacia, el medicamento fue autorizado para el apoyo en las acciones de atenci\u00f3n al Covid-19.<\/p>\n\n\n\n<p>La Cofepris acot\u00f3 la indicaci\u00f3n terap\u00e9utica para evitar un mal uso del medicamento, incluyendo especificaciones para su prescripci\u00f3n m\u00e9dica.<\/p>\n\n\n\n<p>Es importante recordar que la poblaci\u00f3n no debe automedicarse ni auto prescribirse. Cofepris recomienda consultar a un m\u00e9dico cuando existan s\u00edntomas, aplicar medidas higi\u00e9nicas como el lavado frecuente de manos y el uso de cubrebocas, as\u00ed como guardar la sana distancia.<\/p>\n\n\n\n<p>El compromiso de la Cofepris es utilizar y robustecer nuestras capacidades cient\u00edficas y t\u00e9cnicas para garantizar el cumplimiento de la normativa sanitaria, poniendo la salud de los mexicanos en el centro de esta instituci\u00f3n.<\/p>\n\n\n\n<p>Fuente: Xeu Noticias<\/p>\n","protected":false},"excerpt":{"rendered":"<p>La Comisi\u00f3n Federal para la Protecci\u00f3n Contra Riesgos Sanitarios (Cofepris) autoriz\u00f3 el medicamento Remdesivir, para el uso de emergencia contra el Covid-19. Inform\u00f3 en un comunicado que, despu\u00e9s de una evaluaci\u00f3n por parte de la Comisi\u00f3n de Autorizaci\u00f3n Sanitaria, enfocada en garantizar el cumplimiento de los requisitos necesarios en materia de calidad, seguridad y eficacia,<a class=\"read-more\" href=\"https:\/\/globalnewsmexico.com\/sitio\/autoriza-cofepris-uso-de-emergencia-del-remdesivir-contra-el-covid-19\/\">Leer m\u00e1s<\/a><\/p>\n","protected":false},"author":5,"featured_media":62948,"comment_status":"closed","ping_status":"open","sticky":false,"template":"","format":"standard","meta":{"spay_email":"","footnotes":""},"categories":[37,8,39,52],"tags":[],"jetpack_featured_media_url":"https:\/\/i0.wp.com\/globalnewsmexico.com\/sitio\/wp-content\/uploads\/2021\/03\/1148371.jpg?fit=1024%2C683&ssl=1","jetpack_sharing_enabled":true,"jetpack_shortlink":"https:\/\/wp.me\/p9yqPL-gnh","jetpack_likes_enabled":true,"_links":{"self":[{"href":"https:\/\/globalnewsmexico.com\/sitio\/wp-json\/wp\/v2\/posts\/62947"}],"collection":[{"href":"https:\/\/globalnewsmexico.com\/sitio\/wp-json\/wp\/v2\/posts"}],"about":[{"href":"https:\/\/globalnewsmexico.com\/sitio\/wp-json\/wp\/v2\/types\/post"}],"author":[{"embeddable":true,"href":"https:\/\/globalnewsmexico.com\/sitio\/wp-json\/wp\/v2\/users\/5"}],"replies":[{"embeddable":true,"href":"https:\/\/globalnewsmexico.com\/sitio\/wp-json\/wp\/v2\/comments?post=62947"}],"version-history":[{"count":0,"href":"https:\/\/globalnewsmexico.com\/sitio\/wp-json\/wp\/v2\/posts\/62947\/revisions"}],"wp:featuredmedia":[{"embeddable":true,"href":"https:\/\/globalnewsmexico.com\/sitio\/wp-json\/wp\/v2\/media\/62948"}],"wp:attachment":[{"href":"https:\/\/globalnewsmexico.com\/sitio\/wp-json\/wp\/v2\/media?parent=62947"}],"wp:term":[{"taxonomy":"category","embeddable":true,"href":"https:\/\/globalnewsmexico.com\/sitio\/wp-json\/wp\/v2\/categories?post=62947"},{"taxonomy":"post_tag","embeddable":true,"href":"https:\/\/globalnewsmexico.com\/sitio\/wp-json\/wp\/v2\/tags?post=62947"}],"curies":[{"name":"wp","href":"https:\/\/api.w.org\/{rel}","templated":true}]}}