{"id":62959,"date":"2021-03-12T16:25:21","date_gmt":"2021-03-12T22:25:21","guid":{"rendered":"http:\/\/globalnewsmexico.com\/sitio\/?p=62959"},"modified":"2021-03-12T16:26:29","modified_gmt":"2021-03-12T22:26:29","slug":"brasil-identifica-nueva-variante-del-covid-19-mas-contagiosa-que-la-amazonica","status":"publish","type":"post","link":"https:\/\/globalnewsmexico.com\/sitio\/brasil-identifica-nueva-variante-del-covid-19-mas-contagiosa-que-la-amazonica\/","title":{"rendered":"Brasil identifica nueva variante del Covid-19 m\u00e1s contagiosa que la amaz\u00f3nica"},"content":{"rendered":"\n<p>Un grupo de investigadores de\u00a0Brasil\u00a0identific\u00f3 una nueva variante del Covid-19 que est\u00e1 circulando en diferentes regiones del pa\u00eds desde hace semanas y que, as\u00ed como la llamada variante brasile\u00f1a (P1), es m\u00e1s contagiosa que la original.<\/p>\n\n\n\n<p>La nueva variante fue identificada luego de que investigadores de cinco diferentes centros cient\u00edficos y universitarios del pa\u00eds realizaran la secuencia gen\u00e9tica de\u00a0195 muestras del virus, recogidos en 39 diferentes municipios de Brasil.<\/p>\n\n\n\n<p>Los an\u00e1lisis gen\u00e9ticos identificaron en tres de las muestras una nueva variante del Covid-19,\u00a0con una mutaci\u00f3n que ya ha sido asociada a una mayor contagio, inform\u00f3 en un comunicado el Laboratorio Nacional de Computaci\u00f3n Cient\u00edfica (LNCC), vinculado al\u00a0Ministerio de Ciencia y Tecnolog\u00eda\u00a0y que coordin\u00f3 el estudio.<\/p>\n\n\n\n<p>De acuerdo con el centro cient\u00edfico, los resultados de los an\u00e1lisis fueron depositados el jueves en diferentes bases de datos p\u00fablicos internacionales y sometidos ese mismo d\u00eda a la aprobaci\u00f3n de una revista cient\u00edfica internacional para la publicaci\u00f3n del respectivo art\u00edculo de identificaci\u00f3n de la nueva variante firmado por 22 investigadores brasile\u00f1os.<\/p>\n\n\n\n<p>Seg\u00fan el estudio, la nueva variante del virus posee la mutaci\u00f3n\u00a0E484K\u00a0en su prote\u00edna\u00a0Spike, presente en otras variantes y que ya ha sido asociada con una mayor capacidad de transmisi\u00f3n. Se trata de la misma mutaci\u00f3n identificada en las variantes brasile\u00f1a y brit\u00e1nica.<\/p>\n\n\n\n<p>Los investigadores concluyeron que la nueva variante circula en Brasil por lo menos desde agosto del a\u00f1o pasado y que ya se propag\u00f3 por cuatro de las cinco regiones del pa\u00eds.<\/p>\n\n\n\n<p>Esta tiene un linaje diferente a la de la P1, la variante brasile\u00f1a surgida en el Amazonas,\u00a0que ha generado preocupaci\u00f3n mundial, a la que se le atribuye el recrudecimiento de la pandemia en Brasil y que ha llevado a varios pa\u00edses a suspender los vuelos procedentes desde territorio brasile\u00f1o.<\/p>\n\n\n\n<p>Los cient\u00edficos hasta ahora no han establecido si la nueva variante es capaz de resistir a los anticuerpos ya generados por personas que contrajeron el covid-19 o que fueron vacunadas.<\/p>\n\n\n\n<p>Las muestras usadas en el estudio fueron recogidas de personas que dieron resultado positivo para la covid entre el 1 de diciembre de 2020 y el 15 de febrero de 2021, y que ten\u00edan entre 11 y 90 a\u00f1os.<\/p>\n\n\n\n<p>El an\u00e1lisis de los genomas permiti\u00f3 reconstruir las rutas de transmisi\u00f3n de las diferentes variantes en el pa\u00eds, identificar desde cu\u00e1ndo circula la P1 y descubrir que otra variante identificada inicialmente en\u00a0R\u00edo de Janeiro (P2)\u00a0ha presentado algunas diversificaciones a medida que se propaga por otras regiones.<\/p>\n\n\n\n<p>\u00abLa secuencia gen\u00e9tica de tres de las muestras permiti\u00f3 identificar una posible nueva variante de la SARS-CoV-2, originada del linaje B.1.1.33 que circula en Brasil desde comienzos de 2020. Este nuevo linaje contiene la mutaci\u00f3n E484K en la prote\u00edna S, que ya ha sido asociada a la evasi\u00f3n inmunol\u00f3gica y que, por tanto, puede tener implicaciones para la planificaci\u00f3n de nuevas estrategias de control de la pandemia\u00bb, seg\u00fan el comunicado.<\/p>\n\n\n\n<p>El laboratorio agreg\u00f3 que decidi\u00f3 anticipar los resultados del estudio antes de su publicaci\u00f3n en una revista especializada y de su revisi\u00f3n por otros cient\u00edficos debido a que la propagaci\u00f3n de nuevas variantes de la covid hacen necesario formular nuevas estrategias de combate a la pandemia.<\/p>\n\n\n\n<p>\u00abAdem\u00e1s, queda clara la necesidad creciente de una vigilancia gen\u00e9tica eficaz para poder identificar con anticipaci\u00f3n potenciales mutaciones v\u00edricas y auxiliar de esa forma al perfeccionamiento de las actuales vacunas\u00bb, agrega la nota.<\/p>\n\n\n\n<p>Las autoridades sanitarias brasile\u00f1as han atribuido a la circulaci\u00f3n de nuevas variantes el agravamiento de la pandemia en el pa\u00eds en momentos en que en gran parte del mundo la situaci\u00f3n tiende a estabilizarse.<\/p>\n\n\n\n<p>Brasil encaden\u00f3 este jueves dos d\u00edas consecutivos\u00a0con m\u00e1s de 2 mil 200 decesos diarios por Covid-19\u00a0el pasado mi\u00e9rcoles como el jueves, con lo que la epidemia ya deja m\u00e1s de 272 mil muertos y unos 11.2 millones de contagios en el pa\u00eds.<\/p>\n\n\n\n<p>El promedio de muertes en la \u00faltima semana subi\u00f3 este jueves a las mil 703 diarias y el de contagios a los 69 mil 141 diarios. Las dos medias son r\u00e9cords desde el comienzo de la crisis.<\/p>\n\n\n\n<p>Los elevados promedios en los \u00faltimos d\u00edas ratifican a Brasil como la segunda naci\u00f3n con mayor n\u00famero de fallecimientos por covid en el mundo, tan solo superada por Estados Unidos, y como la tercera en cantidad de contagios, por detr\u00e1s de Estados Unidos e India.<\/p>\n\n\n\n<p>Brasil, con sus 210 millones de habitantes, cuenta con poco menos del 3 por ciento de la poblaci\u00f3n mundial, pero, como uno de los epicentros globales de la pandemia, acumula el 10.3 por ciento de los muertos por coronavirus en todo el mundo y el 9.5 por ciento del total de contagiados.<\/p>\n\n\n\n<p>Fuente: Agencias<\/p>\n","protected":false},"excerpt":{"rendered":"<p>Un grupo de investigadores de\u00a0Brasil\u00a0identific\u00f3 una nueva variante del Covid-19 que est\u00e1 circulando en diferentes regiones del pa\u00eds desde hace semanas y que, as\u00ed como la llamada variante brasile\u00f1a (P1), es m\u00e1s contagiosa que la original. La nueva variante fue identificada luego de que investigadores de cinco diferentes centros cient\u00edficos y universitarios del pa\u00eds realizaran<a class=\"read-more\" href=\"https:\/\/globalnewsmexico.com\/sitio\/brasil-identifica-nueva-variante-del-covid-19-mas-contagiosa-que-la-amazonica\/\">Leer m\u00e1s<\/a><\/p>\n","protected":false},"author":5,"featured_media":62960,"comment_status":"closed","ping_status":"open","sticky":false,"template":"","format":"standard","meta":{"spay_email":"","footnotes":""},"categories":[37,8,48,52],"tags":[],"jetpack_featured_media_url":"https:\/\/i0.wp.com\/globalnewsmexico.com\/sitio\/wp-content\/uploads\/2021\/03\/brasil-afectado-pandemia-covid-mundo_0_40_1024_637.jpg?fit=958%2C596&ssl=1","jetpack_sharing_enabled":true,"jetpack_shortlink":"https:\/\/wp.me\/p9yqPL-gnt","jetpack_likes_enabled":true,"_links":{"self":[{"href":"https:\/\/globalnewsmexico.com\/sitio\/wp-json\/wp\/v2\/posts\/62959"}],"collection":[{"href":"https:\/\/globalnewsmexico.com\/sitio\/wp-json\/wp\/v2\/posts"}],"about":[{"href":"https:\/\/globalnewsmexico.com\/sitio\/wp-json\/wp\/v2\/types\/post"}],"author":[{"embeddable":true,"href":"https:\/\/globalnewsmexico.com\/sitio\/wp-json\/wp\/v2\/users\/5"}],"replies":[{"embeddable":true,"href":"https:\/\/globalnewsmexico.com\/sitio\/wp-json\/wp\/v2\/comments?post=62959"}],"version-history":[{"count":0,"href":"https:\/\/globalnewsmexico.com\/sitio\/wp-json\/wp\/v2\/posts\/62959\/revisions"}],"wp:featuredmedia":[{"embeddable":true,"href":"https:\/\/globalnewsmexico.com\/sitio\/wp-json\/wp\/v2\/media\/62960"}],"wp:attachment":[{"href":"https:\/\/globalnewsmexico.com\/sitio\/wp-json\/wp\/v2\/media?parent=62959"}],"wp:term":[{"taxonomy":"category","embeddable":true,"href":"https:\/\/globalnewsmexico.com\/sitio\/wp-json\/wp\/v2\/categories?post=62959"},{"taxonomy":"post_tag","embeddable":true,"href":"https:\/\/globalnewsmexico.com\/sitio\/wp-json\/wp\/v2\/tags?post=62959"}],"curies":[{"name":"wp","href":"https:\/\/api.w.org\/{rel}","templated":true}]}}