{"id":62970,"date":"2021-03-12T20:55:37","date_gmt":"2021-03-13T02:55:37","guid":{"rendered":"http:\/\/globalnewsmexico.com\/sitio\/?p=62970"},"modified":"2021-03-12T20:55:41","modified_gmt":"2021-03-13T02:55:41","slug":"ayuntamiento-de-cordoba-suspendera-labores-por-aniversario-del-natalicio-de-benito-juarez","status":"publish","type":"post","link":"https:\/\/globalnewsmexico.com\/sitio\/ayuntamiento-de-cordoba-suspendera-labores-por-aniversario-del-natalicio-de-benito-juarez\/","title":{"rendered":"Ayuntamiento de C\u00f3rdoba suspender\u00e1 labores por aniversario del natalicio de Benito Ju\u00e1rez"},"content":{"rendered":"\n<p>El Ayuntamiento de C\u00f3rdoba informa a la ciudadan\u00eda en general que, el pr\u00f3ximo lunes 15 de marzo, todas las labores administrativas municipales, as\u00ed como el cobro de estacionamiento en la v\u00eda p\u00fablica en la zona controlada por parqu\u00edmetros, ser\u00e1n suspendidos por el 215 aniversario del natalicio de Benito Ju\u00e1rez Garc\u00eda.<\/p>\n\n\n\n<p>Esto en cumplimiento a lo establecido en los art\u00edculos 74 de la Ley Federal del Trabajo, 52 de la Ley Estatal de Servicio Civil de Veracruz y 42 de las Condiciones Generales del Trabajo, retomando labores en horario habitual de 8:30 a 16 horas el martes 16 de marzo.<\/p>\n\n\n\n<p>Por su parte, la Oficial\u00eda del Registro Civil, el \u00e1rea de cajas de la Tesorer\u00eda Municipal, la Unidad Municipal de Protecci\u00f3n Civil (UMPC) y la Jefatura de Salud estar\u00e1n trabajando en guardias establecidas para ofertar el servicio a la poblaci\u00f3n que lo requiera.<\/p>\n\n\n\n<p>Mientras que el servicio de recolecci\u00f3n de basura se mantendr\u00e1 en las 30 rutas y horarios establecidos tanto para la zona rural como urbana del municipio.<\/p>\n\n\n\n<p>Respecto al acto c\u00edvico programado para el 21 de marzo, a las 9 horas en la explanada del parque 21 de Mayo, la Direcci\u00f3n de Educaci\u00f3n y Deporte del Ayuntamiento de C\u00f3rdoba inform\u00f3 que tambi\u00e9n se suspende para procurar la salud de la ciudadan\u00eda, a ra\u00edz de la emergencia sanitaria por Covid-19.<\/p>\n","protected":false},"excerpt":{"rendered":"<p>El Ayuntamiento de C\u00f3rdoba informa a la ciudadan\u00eda en general que, el pr\u00f3ximo lunes 15 de marzo, todas las labores administrativas municipales, as\u00ed como el cobro de estacionamiento en la v\u00eda p\u00fablica en la zona controlada por parqu\u00edmetros, ser\u00e1n suspendidos por el 215 aniversario del natalicio de Benito Ju\u00e1rez Garc\u00eda. Esto en cumplimiento a lo<a class=\"read-more\" href=\"https:\/\/globalnewsmexico.com\/sitio\/ayuntamiento-de-cordoba-suspendera-labores-por-aniversario-del-natalicio-de-benito-juarez\/\">Leer m\u00e1s<\/a><\/p>\n","protected":false},"author":5,"featured_media":62972,"comment_status":"closed","ping_status":"open","sticky":false,"template":"","format":"standard","meta":{"spay_email":"","footnotes":""},"categories":[37,8,50,52],"tags":[],"jetpack_featured_media_url":"https:\/\/i1.wp.com\/globalnewsmexico.com\/sitio\/wp-content\/uploads\/2021\/03\/f9137b61-72f1-4df2-9911-582b7cd6270e.jpg?fit=1040%2C1040&ssl=1","jetpack_sharing_enabled":true,"jetpack_shortlink":"https:\/\/wp.me\/p9yqPL-gnE","jetpack_likes_enabled":true,"_links":{"self":[{"href":"https:\/\/globalnewsmexico.com\/sitio\/wp-json\/wp\/v2\/posts\/62970"}],"collection":[{"href":"https:\/\/globalnewsmexico.com\/sitio\/wp-json\/wp\/v2\/posts"}],"about":[{"href":"https:\/\/globalnewsmexico.com\/sitio\/wp-json\/wp\/v2\/types\/post"}],"author":[{"embeddable":true,"href":"https:\/\/globalnewsmexico.com\/sitio\/wp-json\/wp\/v2\/users\/5"}],"replies":[{"embeddable":true,"href":"https:\/\/globalnewsmexico.com\/sitio\/wp-json\/wp\/v2\/comments?post=62970"}],"version-history":[{"count":0,"href":"https:\/\/globalnewsmexico.com\/sitio\/wp-json\/wp\/v2\/posts\/62970\/revisions"}],"wp:featuredmedia":[{"embeddable":true,"href":"https:\/\/globalnewsmexico.com\/sitio\/wp-json\/wp\/v2\/media\/62972"}],"wp:attachment":[{"href":"https:\/\/globalnewsmexico.com\/sitio\/wp-json\/wp\/v2\/media?parent=62970"}],"wp:term":[{"taxonomy":"category","embeddable":true,"href":"https:\/\/globalnewsmexico.com\/sitio\/wp-json\/wp\/v2\/categories?post=62970"},{"taxonomy":"post_tag","embeddable":true,"href":"https:\/\/globalnewsmexico.com\/sitio\/wp-json\/wp\/v2\/tags?post=62970"}],"curies":[{"name":"wp","href":"https:\/\/api.w.org\/{rel}","templated":true}]}}