{"id":62986,"date":"2021-03-13T09:34:29","date_gmt":"2021-03-13T15:34:29","guid":{"rendered":"http:\/\/globalnewsmexico.com\/sitio\/?p=62986"},"modified":"2021-03-13T09:34:33","modified_gmt":"2021-03-13T15:34:33","slug":"inicia-la-vacunacion-contra-el-covid-19-en-xalapa","status":"publish","type":"post","link":"https:\/\/globalnewsmexico.com\/sitio\/inicia-la-vacunacion-contra-el-covid-19-en-xalapa\/","title":{"rendered":"Inicia la vacunaci\u00f3n contra el Covid-19 en Xalapa"},"content":{"rendered":"\n<p>Este s\u00e1bado comenz\u00f3 la vacunaci\u00f3n contra el Covid-19 para adultos mayores en Xalapa, en medio de largas filas de personas que se formaron en los diferentes m\u00f3dulos desde la noche del viernes.<\/p>\n\n\n\n<p>En las instalaciones del Estadio Xalape\u00f1o &#8216;Heriberto Jara Corona&#8217;, la respuesta de la poblaci\u00f3n es copiosa, al grado de que fila de personas que aguardan su turno para ser vacunadas, se extendi\u00f3 a lo largo de la calle Cayetano Rodr\u00edguez y la fila da vuelta en la esquina del Gimnasio Omega.<\/p>\n\n\n\n<div class=\"wp-block-image\"><figure class=\"aligncenter size-large\"><img loading=\"lazy\" decoding=\"async\" width=\"800\" height=\"486\" src=\"https:\/\/i0.wp.com\/globalnewsmexico.com\/sitio\/wp-content\/uploads\/2021\/03\/2-2.jpg?resize=800%2C486&#038;ssl=1\" alt=\"\" class=\"wp-image-62988\" srcset=\"https:\/\/i0.wp.com\/globalnewsmexico.com\/sitio\/wp-content\/uploads\/2021\/03\/2-2.jpg?resize=1024%2C622&amp;ssl=1 1024w, https:\/\/i0.wp.com\/globalnewsmexico.com\/sitio\/wp-content\/uploads\/2021\/03\/2-2.jpg?resize=300%2C182&amp;ssl=1 300w, https:\/\/i0.wp.com\/globalnewsmexico.com\/sitio\/wp-content\/uploads\/2021\/03\/2-2.jpg?resize=768%2C466&amp;ssl=1 768w, https:\/\/i0.wp.com\/globalnewsmexico.com\/sitio\/wp-content\/uploads\/2021\/03\/2-2.jpg?resize=580%2C352&amp;ssl=1 580w, https:\/\/i0.wp.com\/globalnewsmexico.com\/sitio\/wp-content\/uploads\/2021\/03\/2-2.jpg?resize=400%2C243&amp;ssl=1 400w, https:\/\/i0.wp.com\/globalnewsmexico.com\/sitio\/wp-content\/uploads\/2021\/03\/2-2.jpg?resize=577%2C350&amp;ssl=1 577w, https:\/\/i0.wp.com\/globalnewsmexico.com\/sitio\/wp-content\/uploads\/2021\/03\/2-2.jpg?w=1186&amp;ssl=1 1186w\" sizes=\"(max-width: 800px) 100vw, 800px\" data-recalc-dims=\"1\" \/><\/figure><\/div>\n\n\n\n<p>Autoridades de la Secretar\u00eda de Salud vocearon a los asistentes que hay suficientes dosis de la farmac\u00e9utica Pfizer, que en este m\u00f3dulo es exclusivamente para personas que residen en la zona centro de Xalapa.<\/p>\n\n\n\n<figure class=\"wp-block-image size-large\"><img loading=\"lazy\" decoding=\"async\" width=\"768\" height=\"1024\" src=\"https:\/\/i2.wp.com\/globalnewsmexico.com\/sitio\/wp-content\/uploads\/2021\/03\/3-2.jpg?resize=768%2C1024&#038;ssl=1\" alt=\"\" class=\"wp-image-62989\" srcset=\"https:\/\/i2.wp.com\/globalnewsmexico.com\/sitio\/wp-content\/uploads\/2021\/03\/3-2.jpg?resize=768%2C1024&amp;ssl=1 768w, https:\/\/i2.wp.com\/globalnewsmexico.com\/sitio\/wp-content\/uploads\/2021\/03\/3-2.jpg?resize=225%2C300&amp;ssl=1 225w, https:\/\/i2.wp.com\/globalnewsmexico.com\/sitio\/wp-content\/uploads\/2021\/03\/3-2.jpg?resize=370%2C493&amp;ssl=1 370w, https:\/\/i2.wp.com\/globalnewsmexico.com\/sitio\/wp-content\/uploads\/2021\/03\/3-2.jpg?resize=191%2C255&amp;ssl=1 191w, https:\/\/i2.wp.com\/globalnewsmexico.com\/sitio\/wp-content\/uploads\/2021\/03\/3-2.jpg?resize=263%2C350&amp;ssl=1 263w, https:\/\/i2.wp.com\/globalnewsmexico.com\/sitio\/wp-content\/uploads\/2021\/03\/3-2.jpg?w=960&amp;ssl=1 960w\" sizes=\"(max-width: 768px) 100vw, 768px\" data-recalc-dims=\"1\" \/><\/figure>\n\n\n\n<p>Fuente: M\u00e1s Noticias<\/p>\n","protected":false},"excerpt":{"rendered":"<p>Este s\u00e1bado comenz\u00f3 la vacunaci\u00f3n contra el Covid-19 para adultos mayores en Xalapa, en medio de largas filas de personas que se formaron en los diferentes m\u00f3dulos desde la noche del viernes. En las instalaciones del Estadio Xalape\u00f1o &#8216;Heriberto Jara Corona&#8217;, la respuesta de la poblaci\u00f3n es copiosa, al grado de que fila de personas<a class=\"read-more\" href=\"https:\/\/globalnewsmexico.com\/sitio\/inicia-la-vacunacion-contra-el-covid-19-en-xalapa\/\">Leer m\u00e1s<\/a><\/p>\n","protected":false},"author":5,"featured_media":62987,"comment_status":"closed","ping_status":"open","sticky":false,"template":"","format":"standard","meta":{"spay_email":"","footnotes":""},"categories":[37,8,39,52],"tags":[],"jetpack_featured_media_url":"https:\/\/i1.wp.com\/globalnewsmexico.com\/sitio\/wp-content\/uploads\/2021\/03\/160004781_5465767353463673_4455711955985857789_o.jpg?fit=1193%2C720&ssl=1","jetpack_sharing_enabled":true,"jetpack_shortlink":"https:\/\/wp.me\/p9yqPL-gnU","jetpack_likes_enabled":true,"_links":{"self":[{"href":"https:\/\/globalnewsmexico.com\/sitio\/wp-json\/wp\/v2\/posts\/62986"}],"collection":[{"href":"https:\/\/globalnewsmexico.com\/sitio\/wp-json\/wp\/v2\/posts"}],"about":[{"href":"https:\/\/globalnewsmexico.com\/sitio\/wp-json\/wp\/v2\/types\/post"}],"author":[{"embeddable":true,"href":"https:\/\/globalnewsmexico.com\/sitio\/wp-json\/wp\/v2\/users\/5"}],"replies":[{"embeddable":true,"href":"https:\/\/globalnewsmexico.com\/sitio\/wp-json\/wp\/v2\/comments?post=62986"}],"version-history":[{"count":0,"href":"https:\/\/globalnewsmexico.com\/sitio\/wp-json\/wp\/v2\/posts\/62986\/revisions"}],"wp:featuredmedia":[{"embeddable":true,"href":"https:\/\/globalnewsmexico.com\/sitio\/wp-json\/wp\/v2\/media\/62987"}],"wp:attachment":[{"href":"https:\/\/globalnewsmexico.com\/sitio\/wp-json\/wp\/v2\/media?parent=62986"}],"wp:term":[{"taxonomy":"category","embeddable":true,"href":"https:\/\/globalnewsmexico.com\/sitio\/wp-json\/wp\/v2\/categories?post=62986"},{"taxonomy":"post_tag","embeddable":true,"href":"https:\/\/globalnewsmexico.com\/sitio\/wp-json\/wp\/v2\/tags?post=62986"}],"curies":[{"name":"wp","href":"https:\/\/api.w.org\/{rel}","templated":true}]}}