{"id":63036,"date":"2021-03-15T09:21:13","date_gmt":"2021-03-15T15:21:13","guid":{"rendered":"http:\/\/globalnewsmexico.com\/sitio\/?p=63036"},"modified":"2021-03-15T09:24:44","modified_gmt":"2021-03-15T15:24:44","slug":"amlo-envia-carta-a-scjn-pide-investigar-a-juez-que-freno-reforma-electrica","status":"publish","type":"post","link":"https:\/\/globalnewsmexico.com\/sitio\/amlo-envia-carta-a-scjn-pide-investigar-a-juez-que-freno-reforma-electrica\/","title":{"rendered":"AMLO env\u00eda carta a SCJN; pide investigar a juez que fren\u00f3 reforma el\u00e9ctrica"},"content":{"rendered":"\n<p>El presidente Andr\u00e9s Manuel L\u00f3pez Obrador anunci\u00f3 que envi\u00f3 una carta a\u00a0Arturo Fernando Zald\u00edvar Lelo de Larrea, ministro presidente de la Suprema Corte de Justicia de la Naci\u00f3n (SCJN), sobre la\u00a0actuaci\u00f3n de un juez que fren\u00f3 la aplicaci\u00f3n de la reforma el\u00e9ctrica.<\/p>\n\n\n\n<p>En conferencia de prensa matutina en Palacio Nacional, el mandatario coment\u00f3 que la resoluci\u00f3n del juez fue una \u00absuspensi\u00f3n&nbsp;de manera veloz y se&nbsp;cumpli\u00f3&nbsp;como pocas veces de que la justicia tiene ser expedita\u00bb.<\/p>\n\n\n\n<p>L\u00f3pez Obrador dijo que \u00abhay&nbsp;quienes&nbsp;solicitan la&nbsp;suspensi\u00f3n, la&nbsp;protecci\u00f3n&nbsp;de la justicia y tardan en ser atendidos, pero&nbsp;aqu\u00ed&nbsp;fue v\u00eda&nbsp;r\u00e1pida\u00bb.<\/p>\n\n\n\n<p>\u00abVamos a tratar sobe este tema y asunto siempre respetuosos de la autonom\u00eda del Poder Judicial y, desde luego, del respeto al derecho de amparo, al juicio; sin embargo, pues tambi\u00e9n en uso de nuestras facultades de expresarnos y manifestarnos\u00bb, dijo.<\/p>\n\n\n\n<h2 class=\"wp-block-heading\">Pide investigar actuaci\u00f3n de juez<\/h2>\n\n\n\n<p>Al dar lectura a la carta, el presidente manifest\u00f3 que solicitar\u00e1 a Arturo Zald\u00edvar que \u00abdetermine e informe si la autoridad judicial mencionada le correspond\u00eda o no aplicar de manera oficia la suspensi\u00f3n a quienes lo solicitaron y si es de su competencia resolver sobre este caso; asimismo, si mi petici\u00f3n es procedente, solicito que el Consejo de la Judicatura Federal lleve a cabo una&nbsp;investigaci\u00f3n para esclarecer la actuaci\u00f3n&nbsp;del juez\u00bb.<\/p>\n\n\n\n<p>El 11 de marzo, un juez federal fren\u00f3 aplicaci\u00f3n de la&nbsp;Ley de la Industria El\u00e9ctrica, porque podr\u00eda llegar a da\u00f1ar la competencia y la libre concurrencia en el sector el\u00e9ctrico, adem\u00e1s de que puede producir&nbsp;da\u00f1os inminentes e irreparables al medio ambiente, toda vez que fomenta la producci\u00f3n y el uso de energ\u00edas convencionales que desincentivan la producci\u00f3n de energ\u00edas limpias, y genera incertidumbre.&nbsp;<\/p>\n\n\n\n<p>Juan Pablo G\u00f3mez Fierro, juez Segundo de Distrito en Materia Administrativa, Especializado en Competencia Econ\u00f3mica, Radiodifusi\u00f3n y Telecomunicaciones con jurisdicci\u00f3n en toda la Rep\u00fablica, concedi\u00f3 las primeras suspensiones provisionales a empresas que impugnaron el nuevo estatuto, porque es contrario a diversos art\u00edculos de la Constituci\u00f3n.<\/p>\n\n\n\n<p>Fuente: Milenio<\/p>\n","protected":false},"excerpt":{"rendered":"<p>El presidente Andr\u00e9s Manuel L\u00f3pez Obrador anunci\u00f3 que envi\u00f3 una carta a\u00a0Arturo Fernando Zald\u00edvar Lelo de Larrea, ministro presidente de la Suprema Corte de Justicia de la Naci\u00f3n (SCJN), sobre la\u00a0actuaci\u00f3n de un juez que fren\u00f3 la aplicaci\u00f3n de la reforma el\u00e9ctrica. En conferencia de prensa matutina en Palacio Nacional, el mandatario coment\u00f3 que la<a class=\"read-more\" href=\"https:\/\/globalnewsmexico.com\/sitio\/amlo-envia-carta-a-scjn-pide-investigar-a-juez-que-freno-reforma-electrica\/\">Leer m\u00e1s<\/a><\/p>\n","protected":false},"author":5,"featured_media":63037,"comment_status":"closed","ping_status":"open","sticky":false,"template":"","format":"standard","meta":{"spay_email":"","footnotes":""},"categories":[37,8,39,52],"tags":[],"jetpack_featured_media_url":"https:\/\/i1.wp.com\/globalnewsmexico.com\/sitio\/wp-content\/uploads\/2021\/03\/andres-manuel-lopez-obrador-53.jpg?fit=958%2C596&ssl=1","jetpack_sharing_enabled":true,"jetpack_shortlink":"https:\/\/wp.me\/p9yqPL-goI","jetpack_likes_enabled":true,"_links":{"self":[{"href":"https:\/\/globalnewsmexico.com\/sitio\/wp-json\/wp\/v2\/posts\/63036"}],"collection":[{"href":"https:\/\/globalnewsmexico.com\/sitio\/wp-json\/wp\/v2\/posts"}],"about":[{"href":"https:\/\/globalnewsmexico.com\/sitio\/wp-json\/wp\/v2\/types\/post"}],"author":[{"embeddable":true,"href":"https:\/\/globalnewsmexico.com\/sitio\/wp-json\/wp\/v2\/users\/5"}],"replies":[{"embeddable":true,"href":"https:\/\/globalnewsmexico.com\/sitio\/wp-json\/wp\/v2\/comments?post=63036"}],"version-history":[{"count":0,"href":"https:\/\/globalnewsmexico.com\/sitio\/wp-json\/wp\/v2\/posts\/63036\/revisions"}],"wp:featuredmedia":[{"embeddable":true,"href":"https:\/\/globalnewsmexico.com\/sitio\/wp-json\/wp\/v2\/media\/63037"}],"wp:attachment":[{"href":"https:\/\/globalnewsmexico.com\/sitio\/wp-json\/wp\/v2\/media?parent=63036"}],"wp:term":[{"taxonomy":"category","embeddable":true,"href":"https:\/\/globalnewsmexico.com\/sitio\/wp-json\/wp\/v2\/categories?post=63036"},{"taxonomy":"post_tag","embeddable":true,"href":"https:\/\/globalnewsmexico.com\/sitio\/wp-json\/wp\/v2\/tags?post=63036"}],"curies":[{"name":"wp","href":"https:\/\/api.w.org\/{rel}","templated":true}]}}