{"id":63065,"date":"2021-03-15T13:27:24","date_gmt":"2021-03-15T19:27:24","guid":{"rendered":"http:\/\/globalnewsmexico.com\/sitio\/?p=63065"},"modified":"2021-03-15T13:27:34","modified_gmt":"2021-03-15T19:27:34","slug":"francia-e-italia-suspenden-vacuna-contra-covid-19-de-astrazeneca","status":"publish","type":"post","link":"https:\/\/globalnewsmexico.com\/sitio\/francia-e-italia-suspenden-vacuna-contra-covid-19-de-astrazeneca\/","title":{"rendered":"Francia e Italia suspenden vacuna contra Covid-19 de AstraZeneca"},"content":{"rendered":"\n<p>Francia e Italia informaron que suspendieron la aplicaci\u00f3n de la vacuna de AstraZeneca.<\/p>\n\n\n\n<p>Se unieron este lunes a Alemania, informando que implementan la medida por precauci\u00f3n.<\/p>\n\n\n\n<p>Ambas naciones han se\u00f1alado, por separado que ser\u00e1 hasta en tanto que la Agencia Europea de Medicamentos publique su \u00faltima gu\u00eda sobre la vacuna que retomen su aplicaci\u00f3n.<\/p>\n\n\n\n<p>Detallaron que los casos reportados por pa\u00edses sobre coagulaci\u00f3n sangu\u00ednea no han sido determinados si ocurre a consecuencia de la vacuna.<\/p>\n\n\n\n<p>Fuente: Agencias<\/p>\n","protected":false},"excerpt":{"rendered":"<p>Francia e Italia informaron que suspendieron la aplicaci\u00f3n de la vacuna de AstraZeneca. Se unieron este lunes a Alemania, informando que implementan la medida por precauci\u00f3n. Ambas naciones han se\u00f1alado, por separado que ser\u00e1 hasta en tanto que la Agencia Europea de Medicamentos publique su \u00faltima gu\u00eda sobre la vacuna que retomen su aplicaci\u00f3n. Detallaron<a class=\"read-more\" href=\"https:\/\/globalnewsmexico.com\/sitio\/francia-e-italia-suspenden-vacuna-contra-covid-19-de-astrazeneca\/\">Leer m\u00e1s<\/a><\/p>\n","protected":false},"author":5,"featured_media":63066,"comment_status":"closed","ping_status":"open","sticky":false,"template":"","format":"standard","meta":{"spay_email":"","footnotes":""},"categories":[37,8,50,52],"tags":[],"jetpack_featured_media_url":"https:\/\/i1.wp.com\/globalnewsmexico.com\/sitio\/wp-content\/uploads\/2021\/03\/1148767.jpg?fit=1024%2C683&ssl=1","jetpack_sharing_enabled":true,"jetpack_shortlink":"https:\/\/wp.me\/p9yqPL-gpb","jetpack_likes_enabled":true,"_links":{"self":[{"href":"https:\/\/globalnewsmexico.com\/sitio\/wp-json\/wp\/v2\/posts\/63065"}],"collection":[{"href":"https:\/\/globalnewsmexico.com\/sitio\/wp-json\/wp\/v2\/posts"}],"about":[{"href":"https:\/\/globalnewsmexico.com\/sitio\/wp-json\/wp\/v2\/types\/post"}],"author":[{"embeddable":true,"href":"https:\/\/globalnewsmexico.com\/sitio\/wp-json\/wp\/v2\/users\/5"}],"replies":[{"embeddable":true,"href":"https:\/\/globalnewsmexico.com\/sitio\/wp-json\/wp\/v2\/comments?post=63065"}],"version-history":[{"count":0,"href":"https:\/\/globalnewsmexico.com\/sitio\/wp-json\/wp\/v2\/posts\/63065\/revisions"}],"wp:featuredmedia":[{"embeddable":true,"href":"https:\/\/globalnewsmexico.com\/sitio\/wp-json\/wp\/v2\/media\/63066"}],"wp:attachment":[{"href":"https:\/\/globalnewsmexico.com\/sitio\/wp-json\/wp\/v2\/media?parent=63065"}],"wp:term":[{"taxonomy":"category","embeddable":true,"href":"https:\/\/globalnewsmexico.com\/sitio\/wp-json\/wp\/v2\/categories?post=63065"},{"taxonomy":"post_tag","embeddable":true,"href":"https:\/\/globalnewsmexico.com\/sitio\/wp-json\/wp\/v2\/tags?post=63065"}],"curies":[{"name":"wp","href":"https:\/\/api.w.org\/{rel}","templated":true}]}}