{"id":63073,"date":"2021-03-15T14:45:17","date_gmt":"2021-03-15T20:45:17","guid":{"rendered":"http:\/\/globalnewsmexico.com\/sitio\/?p=63073"},"modified":"2021-03-15T14:45:47","modified_gmt":"2021-03-15T20:45:47","slug":"no-hay-ningun-municipio-en-semaforo-rojo-por-covid-19-en-veracruz-gobernador","status":"publish","type":"post","link":"https:\/\/globalnewsmexico.com\/sitio\/no-hay-ningun-municipio-en-semaforo-rojo-por-covid-19-en-veracruz-gobernador\/","title":{"rendered":"No hay ning\u00fan municipio en sem\u00e1foro rojo por Covid-19 en Veracruz: gobernador"},"content":{"rendered":"\n<p>El gobernador de Veracruz, Cuitl\u00e1huac Garc\u00eda Jim\u00e9nez, inform\u00f3 sobre la semaforizaci\u00f3n por Covid-19\u00a0de los municipios en la entidad, donde destac\u00f3 que no hay ninguno en sem\u00e1foro rojo.<\/p>\n\n\n\n<p>En conferencia de prensa desde Xalapa, Garc\u00eda Jim\u00e9nez se\u00f1al\u00f3 que \u00abpara esta quincena que est\u00e1 transcurriendo\u00bb, del 15 al 28 de marzo, \u00abtenemos ni uno en rojo.\u00bb<\/p>\n\n\n\n<p>Explic\u00f3 que hay \u201c46 (municipios) en alto riesgo, 90 en medio riesgo y 76 en bajo riesgo; es decir, cero en rojo, 46 en naranja, en amarillo 90 y 76 en verde\u201d.<\/p>\n\n\n\n<p>Garc\u00eda Jim\u00e9nez record\u00f3 que el estado de Veracruz se encuentra, a nivel nacional, en sem\u00e1foro amarillo por Covid-19.<\/p>\n\n\n\n<p>Fuente: Xeu Noticias<\/p>\n","protected":false},"excerpt":{"rendered":"<p>El gobernador de Veracruz, Cuitl\u00e1huac Garc\u00eda Jim\u00e9nez, inform\u00f3 sobre la semaforizaci\u00f3n por Covid-19\u00a0de los municipios en la entidad, donde destac\u00f3 que no hay ninguno en sem\u00e1foro rojo. En conferencia de prensa desde Xalapa, Garc\u00eda Jim\u00e9nez se\u00f1al\u00f3 que \u00abpara esta quincena que est\u00e1 transcurriendo\u00bb, del 15 al 28 de marzo, \u00abtenemos ni uno en rojo.\u00bb Explic\u00f3<a class=\"read-more\" href=\"https:\/\/globalnewsmexico.com\/sitio\/no-hay-ningun-municipio-en-semaforo-rojo-por-covid-19-en-veracruz-gobernador\/\">Leer m\u00e1s<\/a><\/p>\n","protected":false},"author":5,"featured_media":63074,"comment_status":"closed","ping_status":"open","sticky":false,"template":"","format":"standard","meta":{"spay_email":"","footnotes":""},"categories":[37,8,50,52],"tags":[],"jetpack_featured_media_url":"https:\/\/i0.wp.com\/globalnewsmexico.com\/sitio\/wp-content\/uploads\/2021\/03\/1148787.jpg?fit=1024%2C565&ssl=1","jetpack_sharing_enabled":true,"jetpack_shortlink":"https:\/\/wp.me\/p9yqPL-gpj","jetpack_likes_enabled":true,"_links":{"self":[{"href":"https:\/\/globalnewsmexico.com\/sitio\/wp-json\/wp\/v2\/posts\/63073"}],"collection":[{"href":"https:\/\/globalnewsmexico.com\/sitio\/wp-json\/wp\/v2\/posts"}],"about":[{"href":"https:\/\/globalnewsmexico.com\/sitio\/wp-json\/wp\/v2\/types\/post"}],"author":[{"embeddable":true,"href":"https:\/\/globalnewsmexico.com\/sitio\/wp-json\/wp\/v2\/users\/5"}],"replies":[{"embeddable":true,"href":"https:\/\/globalnewsmexico.com\/sitio\/wp-json\/wp\/v2\/comments?post=63073"}],"version-history":[{"count":0,"href":"https:\/\/globalnewsmexico.com\/sitio\/wp-json\/wp\/v2\/posts\/63073\/revisions"}],"wp:featuredmedia":[{"embeddable":true,"href":"https:\/\/globalnewsmexico.com\/sitio\/wp-json\/wp\/v2\/media\/63074"}],"wp:attachment":[{"href":"https:\/\/globalnewsmexico.com\/sitio\/wp-json\/wp\/v2\/media?parent=63073"}],"wp:term":[{"taxonomy":"category","embeddable":true,"href":"https:\/\/globalnewsmexico.com\/sitio\/wp-json\/wp\/v2\/categories?post=63073"},{"taxonomy":"post_tag","embeddable":true,"href":"https:\/\/globalnewsmexico.com\/sitio\/wp-json\/wp\/v2\/tags?post=63073"}],"curies":[{"name":"wp","href":"https:\/\/api.w.org\/{rel}","templated":true}]}}