{"id":63115,"date":"2021-03-16T11:45:32","date_gmt":"2021-03-16T17:45:32","guid":{"rendered":"http:\/\/globalnewsmexico.com\/sitio\/?p=63115"},"modified":"2021-03-16T11:45:42","modified_gmt":"2021-03-16T17:45:42","slug":"se-mantendran-la-onda-de-calor-y-las-lluvias-en-el-pais","status":"publish","type":"post","link":"https:\/\/globalnewsmexico.com\/sitio\/se-mantendran-la-onda-de-calor-y-las-lluvias-en-el-pais\/","title":{"rendered":"Se mantendr\u00e1n la onda de calor y las lluvias en el pa\u00eds"},"content":{"rendered":"\n<p>El Servicio Meteorol\u00f3gico Nacional inform\u00f3 que el\u00a0frente fr\u00edo n\u00famero 43\u00a0se desplazar\u00e1 sobre el norte de M\u00e9xico y continuar\u00e1 interactuando con la\u00a0D\u00e9cimo Segunda Tormenta Invernal, provocando lluvias, ambiente muy fr\u00edo en zonas serranas, adem\u00e1s de probabilidad para la ca\u00edda de aguanieve o nieve en el norte de Sonora, durante la ma\u00f1ana.\u00a0\u00a0<\/p>\n\n\n\n<p>Tambi\u00e9n se prev\u00e9n vientos intensos y tolvaneras en el norte del territorio, con r\u00e1fagas cercanas a 100 kil\u00f3metros por hora en Chihuahua y Durango. Por la noche, la\u00a0tormenta invernal\u00a0se desplazar\u00e1 hacia el centro de Estados Unidos, alej\u00e1ndose del pa\u00eds.\u00a0\u00a0<\/p>\n\n\n\n<p>En tanto, un canal de baja presi\u00f3n\u00a0generar\u00e1\u00a0lluvias y chubascos con descargas el\u00e9ctricas en el centro\u00a0y sureste de la Rep\u00fablica Mexicana.<\/p>\n\n\n\n<p>Finalmente, un\u00a0sistema de alta presi\u00f3n\u00a0en niveles medios de la atm\u00f3sfera, mantendr\u00e1 la\u00a0onda de calor\u00a0sobre el occidente y sur del pa\u00eds, con temperaturas m\u00e1ximas superiores a 40\u00b0C en zonas de Michoac\u00e1n, Guerrero, Oaxaca y Chiapas.<\/p>\n","protected":false},"excerpt":{"rendered":"<p>El Servicio Meteorol\u00f3gico Nacional inform\u00f3 que el\u00a0frente fr\u00edo n\u00famero 43\u00a0se desplazar\u00e1 sobre el norte de M\u00e9xico y continuar\u00e1 interactuando con la\u00a0D\u00e9cimo Segunda Tormenta Invernal, provocando lluvias, ambiente muy fr\u00edo en zonas serranas, adem\u00e1s de probabilidad para la ca\u00edda de aguanieve o nieve en el norte de Sonora, durante la ma\u00f1ana.\u00a0\u00a0 Tambi\u00e9n se prev\u00e9n vientos intensos<a class=\"read-more\" href=\"https:\/\/globalnewsmexico.com\/sitio\/se-mantendran-la-onda-de-calor-y-las-lluvias-en-el-pais\/\">Leer m\u00e1s<\/a><\/p>\n","protected":false},"author":5,"featured_media":45551,"comment_status":"closed","ping_status":"open","sticky":false,"template":"","format":"standard","meta":{"spay_email":"","footnotes":""},"categories":[37,8,49,52],"tags":[],"jetpack_featured_media_url":"https:\/\/i0.wp.com\/globalnewsmexico.com\/sitio\/wp-content\/uploads\/2020\/03\/calor-lluvia.jpg?fit=1040%2C636&ssl=1","jetpack_sharing_enabled":true,"jetpack_shortlink":"https:\/\/wp.me\/p9yqPL-gpZ","jetpack_likes_enabled":true,"_links":{"self":[{"href":"https:\/\/globalnewsmexico.com\/sitio\/wp-json\/wp\/v2\/posts\/63115"}],"collection":[{"href":"https:\/\/globalnewsmexico.com\/sitio\/wp-json\/wp\/v2\/posts"}],"about":[{"href":"https:\/\/globalnewsmexico.com\/sitio\/wp-json\/wp\/v2\/types\/post"}],"author":[{"embeddable":true,"href":"https:\/\/globalnewsmexico.com\/sitio\/wp-json\/wp\/v2\/users\/5"}],"replies":[{"embeddable":true,"href":"https:\/\/globalnewsmexico.com\/sitio\/wp-json\/wp\/v2\/comments?post=63115"}],"version-history":[{"count":0,"href":"https:\/\/globalnewsmexico.com\/sitio\/wp-json\/wp\/v2\/posts\/63115\/revisions"}],"wp:featuredmedia":[{"embeddable":true,"href":"https:\/\/globalnewsmexico.com\/sitio\/wp-json\/wp\/v2\/media\/45551"}],"wp:attachment":[{"href":"https:\/\/globalnewsmexico.com\/sitio\/wp-json\/wp\/v2\/media?parent=63115"}],"wp:term":[{"taxonomy":"category","embeddable":true,"href":"https:\/\/globalnewsmexico.com\/sitio\/wp-json\/wp\/v2\/categories?post=63115"},{"taxonomy":"post_tag","embeddable":true,"href":"https:\/\/globalnewsmexico.com\/sitio\/wp-json\/wp\/v2\/tags?post=63115"}],"curies":[{"name":"wp","href":"https:\/\/api.w.org\/{rel}","templated":true}]}}