{"id":63134,"date":"2021-03-16T14:45:50","date_gmt":"2021-03-16T20:45:50","guid":{"rendered":"http:\/\/globalnewsmexico.com\/sitio\/?p=63134"},"modified":"2021-03-16T14:46:08","modified_gmt":"2021-03-16T20:46:08","slug":"ee-uu-preve-que-llegada-de-migrantes-a-frontera-con-mexico-sera-la-mayor-en-20-anos","status":"publish","type":"post","link":"https:\/\/globalnewsmexico.com\/sitio\/ee-uu-preve-que-llegada-de-migrantes-a-frontera-con-mexico-sera-la-mayor-en-20-anos\/","title":{"rendered":"EE. UU. prev\u00e9 que llegada de migrantes a frontera con M\u00e9xico ser\u00e1 la mayor en 20 a\u00f1os"},"content":{"rendered":"\n<p>El gobierno de Joe Biden se encamina a ver en la frontera suroeste de Estados Unidos con M\u00e9xico m\u00e1s migrantes que\u00a0los encontrados en los \u00faltimos 20 a\u00f1os, pero expulsa a la mayor\u00eda de los adultos y grupos familiares, afirm\u00f3 este martes el secretario de Seguridad Nacional, Alejandro Mayorkas.<\/p>\n\n\n\n<p>La informaci\u00f3n surge justo cuando varios centros para albergar a migrantes se han visto superados, especialmente en casos de ni\u00f1os que no est\u00e1n acompa\u00f1ados por un adulto, lo cual est\u00e1 motivando a que incluso se ocupen otros espacios para que los extranjeros esperen los avisos de las autoridades estadunidense.<\/p>\n\n\n\n<p>\u00abEstamos en v\u00edas de registrar m\u00e1s personas en\u00a0la frontera sur que en los \u00faltimos 20 a\u00f1os\u00bb, dijo Alejandro Mayorkas, jefe del Departamento de Seguridad Interior (DHS, por sus siglas en ingl\u00e9s)\u00a0en un comunicado.<\/p>\n\n\n\n<p>Agreg\u00f3 que \u00abesto no es nuevo. Hemos experimentado aumentos de la migraci\u00f3n antes, en 2019, en 2014 y antes tambi\u00e9n. Desde abril de 2020 la cantidad registrada en la frontera sur\u00a0no ha dejado de aumentar\u00bb.<\/p>\n\n\n\n<p>El gobierno de Joe Biden busca defender su gesti\u00f3n frente a las cr\u00edticas de los republicanos que ayer visitaron la frontera para denunciar \u00abla crisis\u00bb, la cual atribuyeron a las pol\u00edticas impuestas por el presidente.<\/p>\n\n\n\n<p>El nuevo gobierno dem\u00f3crata busca desmantelar muchas de las reformas implementadas por su antecesor, Donald Trump, y quiere que el Congreso apruebe\u00a0una amplia reforma migratoria\u00a0para dar una v\u00eda a la ciudadan\u00eda a millones de indocumentados.<\/p>\n\n\n\n<p>En febrero fueron arrestadas unas 100 mil personas en la frontera sur, entre ellas hay 9 mil 457 menores no acompa\u00f1ados, un aumento del 28 por ciento respecto a enero, seg\u00fan las autoridades.<\/p>\n\n\n\n<p>Mayorkas report\u00f3 que la mayor\u00eda de las detenciones en la frontera son adultos que viajan solos, quienes son devueltos, salvo que sufran alguna \u00abvulnerabilidad grave\u00bb.<\/p>\n\n\n\n<p>En tanto, las familias tambi\u00e9n son devueltas a M\u00e9xico o a sus pa\u00edses de origen, para respetar las reglas impuestas por la pandemia\u00a0\u00absalvo cuando M\u00e9xico no tiene capacidad de recibirlos\u00bb, indic\u00f3 Mayorkas.<\/p>\n\n\n\n<p>Mayorkas, quien es el primer latino y migrante en encabezar el DHS, atribuy\u00f3 el alza en las llegadas de extranjeros a la \u00abpobreza, los elevados niveles de violencia y la corrupci\u00f3n\u00bb en M\u00e9xico, Guatemala, El Salvador y Honduras.<\/p>\n\n\n\n<p>El funcionario record\u00f3 sus or\u00edgenes cubanos en el comunicado para hablar de la esperanza que buscan los migrantes.<\/p>\n\n\n\n<p>\u00abYo vine a este pa\u00eds cuando era un beb\u00e9, fui tra\u00eddo por mis padres que comprend\u00edan la esperanza y la promesa que supone Estados Unidos. Hoy los ni\u00f1os llegan a la frontera con esta misma esperanza\u00bb, concluy\u00f3.<\/p>\n\n\n\n<p>Fuente: Agencias<\/p>\n","protected":false},"excerpt":{"rendered":"<p>El gobierno de Joe Biden se encamina a ver en la frontera suroeste de Estados Unidos con M\u00e9xico m\u00e1s migrantes que\u00a0los encontrados en los \u00faltimos 20 a\u00f1os, pero expulsa a la mayor\u00eda de los adultos y grupos familiares, afirm\u00f3 este martes el secretario de Seguridad Nacional, Alejandro Mayorkas. La informaci\u00f3n surge justo cuando varios centros<a class=\"read-more\" href=\"https:\/\/globalnewsmexico.com\/sitio\/ee-uu-preve-que-llegada-de-migrantes-a-frontera-con-mexico-sera-la-mayor-en-20-anos\/\">Leer m\u00e1s<\/a><\/p>\n","protected":false},"author":5,"featured_media":63135,"comment_status":"closed","ping_status":"open","sticky":false,"template":"","format":"standard","meta":{"spay_email":"","footnotes":""},"categories":[37,8,48,52],"tags":[],"jetpack_featured_media_url":"https:\/\/i1.wp.com\/globalnewsmexico.com\/sitio\/wp-content\/uploads\/2021\/03\/crisis-migratoria-colapsado-centros-albergan_0_22_1024_638.jpg?fit=958%2C596&ssl=1","jetpack_sharing_enabled":true,"jetpack_shortlink":"https:\/\/wp.me\/p9yqPL-gqi","jetpack_likes_enabled":true,"_links":{"self":[{"href":"https:\/\/globalnewsmexico.com\/sitio\/wp-json\/wp\/v2\/posts\/63134"}],"collection":[{"href":"https:\/\/globalnewsmexico.com\/sitio\/wp-json\/wp\/v2\/posts"}],"about":[{"href":"https:\/\/globalnewsmexico.com\/sitio\/wp-json\/wp\/v2\/types\/post"}],"author":[{"embeddable":true,"href":"https:\/\/globalnewsmexico.com\/sitio\/wp-json\/wp\/v2\/users\/5"}],"replies":[{"embeddable":true,"href":"https:\/\/globalnewsmexico.com\/sitio\/wp-json\/wp\/v2\/comments?post=63134"}],"version-history":[{"count":0,"href":"https:\/\/globalnewsmexico.com\/sitio\/wp-json\/wp\/v2\/posts\/63134\/revisions"}],"wp:featuredmedia":[{"embeddable":true,"href":"https:\/\/globalnewsmexico.com\/sitio\/wp-json\/wp\/v2\/media\/63135"}],"wp:attachment":[{"href":"https:\/\/globalnewsmexico.com\/sitio\/wp-json\/wp\/v2\/media?parent=63134"}],"wp:term":[{"taxonomy":"category","embeddable":true,"href":"https:\/\/globalnewsmexico.com\/sitio\/wp-json\/wp\/v2\/categories?post=63134"},{"taxonomy":"post_tag","embeddable":true,"href":"https:\/\/globalnewsmexico.com\/sitio\/wp-json\/wp\/v2\/tags?post=63134"}],"curies":[{"name":"wp","href":"https:\/\/api.w.org\/{rel}","templated":true}]}}