{"id":63394,"date":"2021-03-20T22:35:00","date_gmt":"2021-03-21T04:35:00","guid":{"rendered":"http:\/\/globalnewsmexico.com\/sitio\/?p=63394"},"modified":"2021-03-20T22:35:04","modified_gmt":"2021-03-21T04:35:04","slug":"asesinan-a-locatario-de-plaza-clavijero-en-xalapa","status":"publish","type":"post","link":"https:\/\/globalnewsmexico.com\/sitio\/asesinan-a-locatario-de-plaza-clavijero-en-xalapa\/","title":{"rendered":"Asesinan a locatario de Plaza Clavijero, en Xalapa"},"content":{"rendered":"\n<p>La noche de este s\u00e1bado, un comerciante fue asesinado en la Plaza Clavijero, ubicada en el Centro de Xalapa; la v\u00edctima habr\u00eda recibido al menos siete impactos de bala.<\/p>\n\n\n\n<p>Los hechos ocurrieron cuando los locatarios se preparaban para cerrar sus negocios, momento en el que personas armadas dispararon en contra del comerciante, para despu\u00e9s huir del lugar.<\/p>\n\n\n\n<p>Tras lo sucedido, elementos policiacos implementaron un operativo en las inmediaciones de la plaza para localizar a los responsables; sin embargo, hasta el momento no se ha reportado la detenci\u00f3n de alguna persona.<\/p>\n","protected":false},"excerpt":{"rendered":"<p>La noche de este s\u00e1bado, un comerciante fue asesinado en la Plaza Clavijero, ubicada en el Centro de Xalapa; la v\u00edctima habr\u00eda recibido al menos siete impactos de bala. Los hechos ocurrieron cuando los locatarios se preparaban para cerrar sus negocios, momento en el que personas armadas dispararon en contra del comerciante, para despu\u00e9s huir<a class=\"read-more\" href=\"https:\/\/globalnewsmexico.com\/sitio\/asesinan-a-locatario-de-plaza-clavijero-en-xalapa\/\">Leer m\u00e1s<\/a><\/p>\n","protected":false},"author":5,"featured_media":63395,"comment_status":"closed","ping_status":"open","sticky":false,"template":"","format":"standard","meta":{"spay_email":"","footnotes":""},"categories":[37,8,50,52],"tags":[],"jetpack_featured_media_url":"https:\/\/i1.wp.com\/globalnewsmexico.com\/sitio\/wp-content\/uploads\/2021\/03\/163418861_2934036713505016_6765239808179579340_n.jpg?fit=1024%2C683&ssl=1","jetpack_sharing_enabled":true,"jetpack_shortlink":"https:\/\/wp.me\/p9yqPL-guu","jetpack_likes_enabled":true,"_links":{"self":[{"href":"https:\/\/globalnewsmexico.com\/sitio\/wp-json\/wp\/v2\/posts\/63394"}],"collection":[{"href":"https:\/\/globalnewsmexico.com\/sitio\/wp-json\/wp\/v2\/posts"}],"about":[{"href":"https:\/\/globalnewsmexico.com\/sitio\/wp-json\/wp\/v2\/types\/post"}],"author":[{"embeddable":true,"href":"https:\/\/globalnewsmexico.com\/sitio\/wp-json\/wp\/v2\/users\/5"}],"replies":[{"embeddable":true,"href":"https:\/\/globalnewsmexico.com\/sitio\/wp-json\/wp\/v2\/comments?post=63394"}],"version-history":[{"count":0,"href":"https:\/\/globalnewsmexico.com\/sitio\/wp-json\/wp\/v2\/posts\/63394\/revisions"}],"wp:featuredmedia":[{"embeddable":true,"href":"https:\/\/globalnewsmexico.com\/sitio\/wp-json\/wp\/v2\/media\/63395"}],"wp:attachment":[{"href":"https:\/\/globalnewsmexico.com\/sitio\/wp-json\/wp\/v2\/media?parent=63394"}],"wp:term":[{"taxonomy":"category","embeddable":true,"href":"https:\/\/globalnewsmexico.com\/sitio\/wp-json\/wp\/v2\/categories?post=63394"},{"taxonomy":"post_tag","embeddable":true,"href":"https:\/\/globalnewsmexico.com\/sitio\/wp-json\/wp\/v2\/tags?post=63394"}],"curies":[{"name":"wp","href":"https:\/\/api.w.org\/{rel}","templated":true}]}}