{"id":63442,"date":"2021-03-22T16:55:10","date_gmt":"2021-03-22T22:55:10","guid":{"rendered":"http:\/\/globalnewsmexico.com\/sitio\/?p=63442"},"modified":"2021-03-22T16:55:15","modified_gmt":"2021-03-22T22:55:15","slug":"ebrard-da-banderazo-de-salida-a-primeras-vacunas-anticovid-de-cansino-envasadas-en-mexico","status":"publish","type":"post","link":"https:\/\/globalnewsmexico.com\/sitio\/ebrard-da-banderazo-de-salida-a-primeras-vacunas-anticovid-de-cansino-envasadas-en-mexico\/","title":{"rendered":"Ebrard da banderazo de salida a primeras vacunas anticovid de CanSino envasadas en M\u00e9xico"},"content":{"rendered":"\n<p>El titular de la Secretar\u00eda de Relaciones Exteriores (SRE), Marcelo Ebrard, y la subsecretaria Martha Delgado dieron el banderazo de salida\u00a0a los primeros lotes de vacunas contra el Covid-19 de CanSino envasadas en M\u00e9xico.<\/p>\n\n\n\n<p>Seg\u00fan Daniel Mill\u00e1n, jefe de la Oficina del secretario de Relaciones Exteriores,\u00a0saldr\u00e1n m\u00e1s de 900 mil dosis del biol\u00f3gico de CanSino, listas para aplicarse.<\/p>\n\n\n\n<p>La empresa mexicana Drugmex es responsable del proceso final del envasado de la vacuna de CanSino Biologics,\u00a0la cual tiene 65.28 por ciento de eficacia para prevenir todas las enfermedades sintom\u00e1ticas por covid-19, y de 90.07 a 95.47 por ciento para prevenir un cuadro grave despu\u00e9s de la vacunaci\u00f3n.<\/p>\n\n\n\n<p>Martha Delgado, subsecretaria de Relaciones Exteriores, resalt\u00f3 que\u00a0M\u00e9xico fue el primer pa\u00eds en aprobar el biol\u00f3gico de CanSino, as\u00ed como en envasarla fuera de China.\u00a0<\/p>\n\n\n\n<p>Delgado a\u00f1adi\u00f3 que este lote \u201crequiri\u00f3 la transformaci\u00f3n de la planta envasadora\u201d con un trabajo arduo, con el fin de evaluar eficacia y calidad de la vacuna china.<\/p>\n\n\n\n<p>\u201cEl primero de tres lotes de las vacunas de Cansino envasadas en el pa\u00eds, vemos una segunda parte de trabajos arduos y que forman parte de la historia para salvar miles de vida del pa\u00eds\u201d, explic\u00f3.<\/p>\n\n\n\n<h3 class=\"wp-block-heading\">Vacuna unidosis de CanSino acelerar\u00e1 inmunizaci\u00f3n en M\u00e9xico: Ebrard<\/h3>\n\n\n\n<p>Durante el acto, Marcelo Ebrard resalt\u00f3 que\u00a0esta vacuna fue temprana y tomar\u00e1 la mitad del tiempo, porque es unidosis,\u00a0para \u201cacelerar el paso\u201d en combate a la pandemia del coronavirus.<\/p>\n\n\n\n<p>\u201cHay cosas importas que uno pueda hacer, pero con esto, 940 mil 022 personas no van a tener riesgo y van a tener la seguridad y tranquilidad\u201d, dijo Ebrard.<\/p>\n\n\n\n<p>Se espera que en abril se entreguen cuatro millones de dosis y 35 millones de vacunas antes de que termine 2021.<\/p>\n\n\n\n<p>La vacuna de CanSino est\u00e1 desarrollada en una plataforma de tecnolog\u00eda de vector de adenovirus tipo cinco modificado (Ad5-nCoV), que previamente ha desarrollado con \u00e9xito la vacuna contra el \u00c9bola, y se aplica en una sola dosis.\u00a0<\/p>\n\n\n\n<p>El 11 de febrero lleg\u00f3 a M\u00e9xico el primer embarque de CanSino, procedente de China, con sustancia activa para m\u00e1s de 2 millones de dosis de la vacuna anticovid.\u00a0Hasta el momento se han envasado m\u00e1s de 5 millones de dosis en la planta ubicada en el Parque Industrial El Marqu\u00e9s, Quer\u00e9taro.<\/p>\n\n\n\n<p>El primer lote ser\u00eda entregado a la Secretar\u00eda de Salud\u00a0para su distribuci\u00f3n y aplicaci\u00f3n\u00a0a trav\u00e9s de la empresa estatal\u00a0Laboratorios de Biol\u00f3gicos y Reactivos de M\u00e9xico (Birmex), las cuales estar\u00e1n listas para su aplicaci\u00f3n.\u00a0Entre marzo y junio se estima liberar 6.9 millones de dosis de la vacuna contra el Covid-19 y, posteriormente, se tendr\u00e1n cada semana 1.2 millones de dosis hasta alcanzar 35 millones adquiridas por M\u00e9xico para 2021.<\/p>\n\n\n\n<p>El ant\u00edgeno de CanSino\u00a0puede almacenarse y transportarse de manera estable entre 2 y 8 grados\u00a0cent\u00edgrados, lo que la hace m\u00e1s accesible su transportaci\u00f3n, especialmente para regiones remotas y de dif\u00edcil acceso.<\/p>\n\n\n\n<p>Fuente: Milenio<\/p>\n","protected":false},"excerpt":{"rendered":"<p>El titular de la Secretar\u00eda de Relaciones Exteriores (SRE), Marcelo Ebrard, y la subsecretaria Martha Delgado dieron el banderazo de salida\u00a0a los primeros lotes de vacunas contra el Covid-19 de CanSino envasadas en M\u00e9xico. Seg\u00fan Daniel Mill\u00e1n, jefe de la Oficina del secretario de Relaciones Exteriores,\u00a0saldr\u00e1n m\u00e1s de 900 mil dosis del biol\u00f3gico de CanSino,<a class=\"read-more\" href=\"https:\/\/globalnewsmexico.com\/sitio\/ebrard-da-banderazo-de-salida-a-primeras-vacunas-anticovid-de-cansino-envasadas-en-mexico\/\">Leer m\u00e1s<\/a><\/p>\n","protected":false},"author":5,"featured_media":63443,"comment_status":"closed","ping_status":"open","sticky":false,"template":"","format":"standard","meta":{"spay_email":"","footnotes":""},"categories":[37,8,39,52],"tags":[],"jetpack_featured_media_url":"https:\/\/i0.wp.com\/globalnewsmexico.com\/sitio\/wp-content\/uploads\/2021\/03\/1149972.jpg?fit=1024%2C611&ssl=1","jetpack_sharing_enabled":true,"jetpack_shortlink":"https:\/\/wp.me\/p9yqPL-gvg","jetpack_likes_enabled":true,"_links":{"self":[{"href":"https:\/\/globalnewsmexico.com\/sitio\/wp-json\/wp\/v2\/posts\/63442"}],"collection":[{"href":"https:\/\/globalnewsmexico.com\/sitio\/wp-json\/wp\/v2\/posts"}],"about":[{"href":"https:\/\/globalnewsmexico.com\/sitio\/wp-json\/wp\/v2\/types\/post"}],"author":[{"embeddable":true,"href":"https:\/\/globalnewsmexico.com\/sitio\/wp-json\/wp\/v2\/users\/5"}],"replies":[{"embeddable":true,"href":"https:\/\/globalnewsmexico.com\/sitio\/wp-json\/wp\/v2\/comments?post=63442"}],"version-history":[{"count":0,"href":"https:\/\/globalnewsmexico.com\/sitio\/wp-json\/wp\/v2\/posts\/63442\/revisions"}],"wp:featuredmedia":[{"embeddable":true,"href":"https:\/\/globalnewsmexico.com\/sitio\/wp-json\/wp\/v2\/media\/63443"}],"wp:attachment":[{"href":"https:\/\/globalnewsmexico.com\/sitio\/wp-json\/wp\/v2\/media?parent=63442"}],"wp:term":[{"taxonomy":"category","embeddable":true,"href":"https:\/\/globalnewsmexico.com\/sitio\/wp-json\/wp\/v2\/categories?post=63442"},{"taxonomy":"post_tag","embeddable":true,"href":"https:\/\/globalnewsmexico.com\/sitio\/wp-json\/wp\/v2\/tags?post=63442"}],"curies":[{"name":"wp","href":"https:\/\/api.w.org\/{rel}","templated":true}]}}