{"id":63489,"date":"2021-03-23T15:29:23","date_gmt":"2021-03-23T21:29:23","guid":{"rendered":"http:\/\/globalnewsmexico.com\/sitio\/?p=63489"},"modified":"2021-03-23T15:29:28","modified_gmt":"2021-03-23T21:29:28","slug":"trasciende-detencion-del-empresario-ramon-ortiz-en-coatzacoalcos","status":"publish","type":"post","link":"https:\/\/globalnewsmexico.com\/sitio\/trasciende-detencion-del-empresario-ramon-ortiz-en-coatzacoalcos\/","title":{"rendered":"Trasciende detenci\u00f3n del empresario Ram\u00f3n Ortiz en Coatzacoalcos"},"content":{"rendered":"\n<p>Elementos de la Fuerza Civil detuvieron al empresario y l\u00edder transportista Ram\u00f3n Ortiz Cisneros, durante la tarde de este martes en Coatzacoalcos.<\/p>\n\n\n\n<p>La detenci\u00f3n se realiz\u00f3 en el sal\u00f3n de los Transportistas del Sindicato de la Confederaci\u00f3n Aut\u00f3noma de Trabajadores y Empleados de M\u00e9xico (Catem), ubicado sobre la carretera Trans\u00edstmica, antes de llegar a el excaseta.<\/p>\n\n\n\n<p>Sus trabajadores y compa\u00f1eros del gremio, que fueron testigos de la detenci\u00f3n, aseguran que no presentaron orden de aprehensi\u00f3n y tampoco se sabe a d\u00f3nde se lo llevaron los uniformados.<\/p>\n\n\n\n<p>Fuente: Foro Coatza<\/p>\n","protected":false},"excerpt":{"rendered":"<p>Elementos de la Fuerza Civil detuvieron al empresario y l\u00edder transportista Ram\u00f3n Ortiz Cisneros, durante la tarde de este martes en Coatzacoalcos. La detenci\u00f3n se realiz\u00f3 en el sal\u00f3n de los Transportistas del Sindicato de la Confederaci\u00f3n Aut\u00f3noma de Trabajadores y Empleados de M\u00e9xico (Catem), ubicado sobre la carretera Trans\u00edstmica, antes de llegar a el<a class=\"read-more\" href=\"https:\/\/globalnewsmexico.com\/sitio\/trasciende-detencion-del-empresario-ramon-ortiz-en-coatzacoalcos\/\">Leer m\u00e1s<\/a><\/p>\n","protected":false},"author":5,"featured_media":63490,"comment_status":"closed","ping_status":"open","sticky":false,"template":"","format":"standard","meta":{"spay_email":"","footnotes":""},"categories":[37,8,50,52],"tags":[],"jetpack_featured_media_url":"https:\/\/i0.wp.com\/globalnewsmexico.com\/sitio\/wp-content\/uploads\/2021\/03\/roc-1.jpg?fit=1024%2C686&ssl=1","jetpack_sharing_enabled":true,"jetpack_shortlink":"https:\/\/wp.me\/p9yqPL-gw1","jetpack_likes_enabled":true,"_links":{"self":[{"href":"https:\/\/globalnewsmexico.com\/sitio\/wp-json\/wp\/v2\/posts\/63489"}],"collection":[{"href":"https:\/\/globalnewsmexico.com\/sitio\/wp-json\/wp\/v2\/posts"}],"about":[{"href":"https:\/\/globalnewsmexico.com\/sitio\/wp-json\/wp\/v2\/types\/post"}],"author":[{"embeddable":true,"href":"https:\/\/globalnewsmexico.com\/sitio\/wp-json\/wp\/v2\/users\/5"}],"replies":[{"embeddable":true,"href":"https:\/\/globalnewsmexico.com\/sitio\/wp-json\/wp\/v2\/comments?post=63489"}],"version-history":[{"count":0,"href":"https:\/\/globalnewsmexico.com\/sitio\/wp-json\/wp\/v2\/posts\/63489\/revisions"}],"wp:featuredmedia":[{"embeddable":true,"href":"https:\/\/globalnewsmexico.com\/sitio\/wp-json\/wp\/v2\/media\/63490"}],"wp:attachment":[{"href":"https:\/\/globalnewsmexico.com\/sitio\/wp-json\/wp\/v2\/media?parent=63489"}],"wp:term":[{"taxonomy":"category","embeddable":true,"href":"https:\/\/globalnewsmexico.com\/sitio\/wp-json\/wp\/v2\/categories?post=63489"},{"taxonomy":"post_tag","embeddable":true,"href":"https:\/\/globalnewsmexico.com\/sitio\/wp-json\/wp\/v2\/tags?post=63489"}],"curies":[{"name":"wp","href":"https:\/\/api.w.org\/{rel}","templated":true}]}}