{"id":63513,"date":"2021-03-24T09:27:57","date_gmt":"2021-03-24T15:27:57","guid":{"rendered":"http:\/\/globalnewsmexico.com\/sitio\/?p=63513"},"modified":"2021-03-24T09:28:02","modified_gmt":"2021-03-24T15:28:02","slug":"bolivia-podra-recuperar-el-camino-del-progreso-con-justicia-y-bienestar-con-luis-arce-amlo","status":"publish","type":"post","link":"https:\/\/globalnewsmexico.com\/sitio\/bolivia-podra-recuperar-el-camino-del-progreso-con-justicia-y-bienestar-con-luis-arce-amlo\/","title":{"rendered":"Bolivia podr\u00e1 recuperar el camino del progreso con justicia y bienestar con Luis Arce: AMLO"},"content":{"rendered":"\n<p>El presidente Andr\u00e9s Manuel L\u00f3pez Obrador dijo que con\u00a0Luis Arce, su\u00a0hom\u00f3logo\u00a0de Bolivia, se podr\u00e1 recuperar el camino del progreso \u201ccon\u00a0justicia y bienestar\u00bb.<\/p>\n\n\n\n<p>En su\u00a0conferencia de prensa matutina, en Palacio Nacional, L\u00f3pez Obrador\u00a0coment\u00f3 que\u00a0Arce es el representante de la\u00a0dignidad de un pueblo, y sostuvo que su gobierno surgi\u00f3 luego de dictaduras y reg\u00edmenes autoritarios\u00bb.<\/p>\n\n\n\n<p>Asimismo, el presidente mexicano dijo que tras la llegada de\u00a0Evo Morales, antecesor de Luis Arce, \u201cBolivia creci\u00f3 m\u00e1s que ning\u00fan otro pa\u00eds en el continente americano\u201d.\u00a0<\/p>\n\n\n\n<p>\u00abEs nuestro compa\u00f1ero, amigo hermano, fruto de un movimiento ind\u00edgena popular de Bolivia que demostr\u00f3 una nueva manera de gobernar en favor del pueblo y en especial de los m\u00e1s pobres, de los marginados\u00bb, dijo.\u00a0<\/p>\n\n\n\n<p>Luis Arce Catacora lleg\u00f3 a M\u00e9xico alrededor de la medianoche tras una invitaci\u00f3n expresa para participar en la conmemoraci\u00f3n del\u00a0D\u00eda de la Victoria de Chak\u00e1n Putum.\u00a0<\/p>\n\n\n\n<p>En la conferencia de L\u00f3pez Obrador agradeci\u00f3 la hospitalidad que le ha brindado M\u00e9xico, tanto como mandatario como cuando fue refugiado de su pa\u00eds en 2019 tras un presunto golpe de Estado.<\/p>\n\n\n\n<p>Record\u00f3 la empat\u00eda que le brind\u00f3 tanto el gobierno como la poblaci\u00f3n mexicana durante los dos meses que pas\u00f3 en el pa\u00eds; y hasta elogi\u00f3 la gastronom\u00eda nacional, como los tacos y las tortas.&nbsp;<\/p>\n\n\n\n<p>\u00abEs una felicidad venir a M\u00e9xico, ya no en calidad de refugiado ante el golpe perpetuado en mi pa\u00eds en noviembre de 2019. (\u2026) Durante los meses que he estado ac\u00e1 he recibido mucha solidaridad del pueblo mexicano. Entablaba conversaciones con el pueblo (\u2026) y recib\u00eda una completa solidaridad\u00bb, sostuvo.<\/p>\n\n\n\n<p>Fuente: Milenio<\/p>\n","protected":false},"excerpt":{"rendered":"<p>El presidente Andr\u00e9s Manuel L\u00f3pez Obrador dijo que con\u00a0Luis Arce, su\u00a0hom\u00f3logo\u00a0de Bolivia, se podr\u00e1 recuperar el camino del progreso \u201ccon\u00a0justicia y bienestar\u00bb. En su\u00a0conferencia de prensa matutina, en Palacio Nacional, L\u00f3pez Obrador\u00a0coment\u00f3 que\u00a0Arce es el representante de la\u00a0dignidad de un pueblo, y sostuvo que su gobierno surgi\u00f3 luego de dictaduras y reg\u00edmenes autoritarios\u00bb. Asimismo, el<a class=\"read-more\" href=\"https:\/\/globalnewsmexico.com\/sitio\/bolivia-podra-recuperar-el-camino-del-progreso-con-justicia-y-bienestar-con-luis-arce-amlo\/\">Leer m\u00e1s<\/a><\/p>\n","protected":false},"author":5,"featured_media":63514,"comment_status":"closed","ping_status":"open","sticky":false,"template":"","format":"standard","meta":{"spay_email":"","footnotes":""},"categories":[37,8,40,52],"tags":[],"jetpack_featured_media_url":"https:\/\/i1.wp.com\/globalnewsmexico.com\/sitio\/wp-content\/uploads\/2021\/03\/andres-manuel-lopez-obrador-luis-1_0_66_1175_731.jpg?fit=958%2C596&ssl=1","jetpack_sharing_enabled":true,"jetpack_shortlink":"https:\/\/wp.me\/p9yqPL-gwp","jetpack_likes_enabled":true,"_links":{"self":[{"href":"https:\/\/globalnewsmexico.com\/sitio\/wp-json\/wp\/v2\/posts\/63513"}],"collection":[{"href":"https:\/\/globalnewsmexico.com\/sitio\/wp-json\/wp\/v2\/posts"}],"about":[{"href":"https:\/\/globalnewsmexico.com\/sitio\/wp-json\/wp\/v2\/types\/post"}],"author":[{"embeddable":true,"href":"https:\/\/globalnewsmexico.com\/sitio\/wp-json\/wp\/v2\/users\/5"}],"replies":[{"embeddable":true,"href":"https:\/\/globalnewsmexico.com\/sitio\/wp-json\/wp\/v2\/comments?post=63513"}],"version-history":[{"count":0,"href":"https:\/\/globalnewsmexico.com\/sitio\/wp-json\/wp\/v2\/posts\/63513\/revisions"}],"wp:featuredmedia":[{"embeddable":true,"href":"https:\/\/globalnewsmexico.com\/sitio\/wp-json\/wp\/v2\/media\/63514"}],"wp:attachment":[{"href":"https:\/\/globalnewsmexico.com\/sitio\/wp-json\/wp\/v2\/media?parent=63513"}],"wp:term":[{"taxonomy":"category","embeddable":true,"href":"https:\/\/globalnewsmexico.com\/sitio\/wp-json\/wp\/v2\/categories?post=63513"},{"taxonomy":"post_tag","embeddable":true,"href":"https:\/\/globalnewsmexico.com\/sitio\/wp-json\/wp\/v2\/tags?post=63513"}],"curies":[{"name":"wp","href":"https:\/\/api.w.org\/{rel}","templated":true}]}}