{"id":63536,"date":"2021-03-24T13:47:40","date_gmt":"2021-03-24T19:47:40","guid":{"rendered":"http:\/\/globalnewsmexico.com\/sitio\/?p=63536"},"modified":"2021-03-24T13:47:46","modified_gmt":"2021-03-24T19:47:46","slug":"argentina-se-retira-del-grupo-de-lima-y-pide-dialogo-en-venezuela","status":"publish","type":"post","link":"https:\/\/globalnewsmexico.com\/sitio\/argentina-se-retira-del-grupo-de-lima-y-pide-dialogo-en-venezuela\/","title":{"rendered":"Argentina se retira del Grupo de Lima y pide di\u00e1logo en Venezuela"},"content":{"rendered":"\n<p>El gobierno de Argentina, presidido por el peronista\u00a0Alberto Fern\u00e1ndez, anunci\u00f3 su retiro del\u00a0Grupo de Lima, creado en agosto de 2017 para tratar la situaci\u00f3n de Venezuela y formado por una docena de pa\u00edses de Am\u00e9rica, ya que considera que sus acciones \u00abno han conducido a nada\u00bb.<\/p>\n\n\n\n<p>\u00abLa Rep\u00fablica Argentina formaliz\u00f3 su retiro del denominado Grupo de Lima, al considerar que las acciones que ha venido impulsando el Grupo en el plano internacional, buscando aislar al Gobierno de Venezuela y a sus representantes, no han conducido a nada\u00bb, inform\u00f3 la Canciller\u00eda.<\/p>\n\n\n\n<p>En el mismo se pide \u00abun di\u00e1logo inclusivo\u00bb para solucionar la crisis venezolana, \u00abque no favorezca a ning\u00fan sector en particular, pero s\u00ed a lograr elecciones aceptadas por la mayor\u00eda con control internacional\u00bb.<\/p>\n\n\n\n<p>Considera que en este di\u00e1logo debe formar parte \u00abla oposici\u00f3n en su conjunto\u00bb, junto a \u00abvoces provenientes de los principales actores sociales del pa\u00eds, como la\u00a0Iglesia, el sector empresario y las organizaciones no gubernamentales, sin exclusiones\u00bb.<\/p>\n\n\n\n<p>\u00abEn un contexto en el que la pandemia ha hecho estragos en la regi\u00f3n, las sanciones y bloqueos impuestos a Venezuela y a sus autoridades, as\u00ed como los intentos de desestabilizaci\u00f3n ocurridos en 2020, no han hecho m\u00e1s que agravar la situaci\u00f3n de su poblaci\u00f3n y, en particular, la de sus\u00a0sectores m\u00e1s vulnerables\u00bb, agrega el comunicado.<\/p>\n\n\n\n<p>El gobierno argentino tambi\u00e9n critica \u00abla participaci\u00f3n de un sector de la oposici\u00f3n venezolana como un integrante m\u00e1s del Grupo de Lima\u00bb, lo que ha provocado que se adopten posiciones que este \u00abno ha podido ni puede acompa\u00f1ar\u00bb.<\/p>\n\n\n\n<p>La Canciller\u00eda destaca que \u00abArgentina continuar\u00e1 sosteniendo su compromiso con la estabilidad en la regi\u00f3n, y buscar\u00e1 encaminar\u00a0soluciones pac\u00edficas, democr\u00e1ticas y respetuosas de la soberan\u00eda\u00a0y de los asuntos internos de cada Estado\u00bb.<\/p>\n\n\n\n<p>Argentina form\u00f3 parte del Grupo de Lima a iniciativa del anterior gobierno, presidido por el conservador\u00a0Mauricio Macri (2015-2019), y tras la asunci\u00f3n de Alberto Fern\u00e1ndez la posici\u00f3n argentina sobre la situaci\u00f3n de Venezuela ha tomado un rumbo diferente.<\/p>\n\n\n\n<p>Fuente: Agencias<\/p>\n","protected":false},"excerpt":{"rendered":"<p>El gobierno de Argentina, presidido por el peronista\u00a0Alberto Fern\u00e1ndez, anunci\u00f3 su retiro del\u00a0Grupo de Lima, creado en agosto de 2017 para tratar la situaci\u00f3n de Venezuela y formado por una docena de pa\u00edses de Am\u00e9rica, ya que considera que sus acciones \u00abno han conducido a nada\u00bb. \u00abLa Rep\u00fablica Argentina formaliz\u00f3 su retiro del denominado Grupo<a class=\"read-more\" href=\"https:\/\/globalnewsmexico.com\/sitio\/argentina-se-retira-del-grupo-de-lima-y-pide-dialogo-en-venezuela\/\">Leer m\u00e1s<\/a><\/p>\n","protected":false},"author":5,"featured_media":63537,"comment_status":"closed","ping_status":"open","sticky":false,"template":"","format":"standard","meta":{"spay_email":"","footnotes":""},"categories":[37,8,48,52],"tags":[],"jetpack_featured_media_url":"https:\/\/i1.wp.com\/globalnewsmexico.com\/sitio\/wp-content\/uploads\/2021\/03\/vista-xii-reunion-cancilleres-grupo.jpg?fit=958%2C596&ssl=1","jetpack_sharing_enabled":true,"jetpack_shortlink":"https:\/\/wp.me\/p9yqPL-gwM","jetpack_likes_enabled":true,"_links":{"self":[{"href":"https:\/\/globalnewsmexico.com\/sitio\/wp-json\/wp\/v2\/posts\/63536"}],"collection":[{"href":"https:\/\/globalnewsmexico.com\/sitio\/wp-json\/wp\/v2\/posts"}],"about":[{"href":"https:\/\/globalnewsmexico.com\/sitio\/wp-json\/wp\/v2\/types\/post"}],"author":[{"embeddable":true,"href":"https:\/\/globalnewsmexico.com\/sitio\/wp-json\/wp\/v2\/users\/5"}],"replies":[{"embeddable":true,"href":"https:\/\/globalnewsmexico.com\/sitio\/wp-json\/wp\/v2\/comments?post=63536"}],"version-history":[{"count":0,"href":"https:\/\/globalnewsmexico.com\/sitio\/wp-json\/wp\/v2\/posts\/63536\/revisions"}],"wp:featuredmedia":[{"embeddable":true,"href":"https:\/\/globalnewsmexico.com\/sitio\/wp-json\/wp\/v2\/media\/63537"}],"wp:attachment":[{"href":"https:\/\/globalnewsmexico.com\/sitio\/wp-json\/wp\/v2\/media?parent=63536"}],"wp:term":[{"taxonomy":"category","embeddable":true,"href":"https:\/\/globalnewsmexico.com\/sitio\/wp-json\/wp\/v2\/categories?post=63536"},{"taxonomy":"post_tag","embeddable":true,"href":"https:\/\/globalnewsmexico.com\/sitio\/wp-json\/wp\/v2\/tags?post=63536"}],"curies":[{"name":"wp","href":"https:\/\/api.w.org\/{rel}","templated":true}]}}