{"id":63548,"date":"2021-03-24T15:43:18","date_gmt":"2021-03-24T21:43:18","guid":{"rendered":"http:\/\/globalnewsmexico.com\/sitio\/?p=63548"},"modified":"2021-03-24T15:43:23","modified_gmt":"2021-03-24T21:43:23","slug":"sener-pide-una-prorroga-para-frenar-reforma-electrica-de-amlo","status":"publish","type":"post","link":"https:\/\/globalnewsmexico.com\/sitio\/sener-pide-una-prorroga-para-frenar-reforma-electrica-de-amlo\/","title":{"rendered":"Sener pide una pr\u00f3rroga para frenar reforma el\u00e9ctrica de AMLO"},"content":{"rendered":"\n<p>La\u00a0Secretar\u00eda de Energ\u00eda\u00a0(Sener) solicit\u00f3 una pr\u00f3rroga para cumplir con la suspensi\u00f3n definitiva, mientras se resuelven los amparos, de la reforma a la industria el\u00e9ctrica\u00a0de la actual administraci\u00f3n, medida que decretaron hasta ahora dos jueces federales en\u00a0m\u00e1s de 70 casos distintos.<\/p>\n\n\n\n<p>\u201cEn relaci\u00f3n con\u00a0la solicitud de pr\u00f3rroga que formula la Secretar\u00eda de Energ\u00eda, para que realice una publicaci\u00f3n en el Diario Oficial de la Federaci\u00f3n\u00a0en su car\u00e1cter de autoridad vinculada con el cumplimiento de la suspensi\u00f3n, se le concede una pr\u00f3rroga de tres d\u00edas\u201d, indic\u00f3 el juez Juan Pablo G\u00f3mez Fierro, de acuerdo con los estrados consultados por\u00a0Infobae M\u00e9xico.<\/p>\n\n\n\n<p>Los tres d\u00edas, detall\u00f3 el titular del\u00a0Juzgado Segundo de Distrito en Materia Administrativa, Especializado en Competencia Econ\u00f3mica, Radiodifusi\u00f3n y Telecomunicaciones, con residencia en la Ciudad de M\u00e9xico y Jurisdicci\u00f3n en toda la Rep\u00fablica,\u00a0son contados a partir del d\u00eda siguiente en que surta efectos la notificaci\u00f3n\u00a0de esta determinaci\u00f3n, \u201cpara que acredite haber llevado a cabo la referida publicaci\u00f3n\u201d.<\/p>\n\n\n\n<p>Y es que, desde el viernes pasado y en los \u00faltimos d\u00edas, tanto el juez G\u00f3mez Fierro como\u00a0Rodrigo de la Peza, titular del Juzgado Primero de Distrito en Materia Administrativa, Especializado en Competencia Econ\u00f3mica, Radiodifusi\u00f3n y Telecomunicaciones, con residencia en la Ciudad de M\u00e9xico, han otorgado en conjunto\u00a073 suspensiones definitivas contra la reforma a la industria el\u00e9ctrica propuesta por L\u00f3pez Obrador y avalada en ambas C\u00e1maras del Congreso mexicano.<\/p>\n\n\n\n<p>Con estas medidas cautelares,\u00a0ambos juzgadores federales decidieron suspender la entrada en vigor de una reforma que expl\u00edcitamente beneficia a la paraestatal CFE\u00a0(Comisi\u00f3n Federal de Electricidad) en perjuicio de privados y compa\u00f1\u00edas de energ\u00edas limpias, las cuales en su mayor\u00eda son las que acumulan la principal parte de las demandas de amparo.<\/p>\n\n\n\n<p>Por lo tanto, hasta que no se resuelvan los 73 casos, m\u00e1s los que se puedan sumar en los pr\u00f3ximos d\u00edas y semanas,\u00a0la reforma a la industria el\u00e9ctrica no podr\u00e1 entrar en vigor, lo cual podr\u00eda tardar meses e incluso a\u00f1os.<\/p>\n\n\n\n<p>Los alcances de las suspensiones\u00a0tienen car\u00e1cter general, es decir, aplicar\u00e1n para todas las compa\u00f1\u00edas, incluidas las que buscan ampararse, ya que de otra manera, los juzgadores argumentaron, se estar\u00eda contraviniendo el principio que se busca proteger, que es el de igualdad de condiciones en el mercado.<\/p>\n\n\n\n<p>Por lo tanto, la Sener, como autoridad vinculada con el cumplimiento de la suspensi\u00f3n, debe publicar en el DOF el acuerdo de la suspensi\u00f3n de la reforma en cuesti\u00f3n,\u00a0como\u00a0ya lo hiciera en marzo pasado\u00a0con una parte de la pol\u00edtica energ\u00e9tica de L\u00f3pez Obrador.<\/p>\n\n\n\n<p>Con la decisi\u00f3n del juez G\u00f3mez Fierro de conceder la pr\u00f3rroga, solicitada por razones que no se hicieron p\u00fablicas en los estrados oficiales del Poder Judicial, y a la espera de que la Sener sea notificada de la concesi\u00f3n en estas horas,\u00a0tendr\u00eda al menos hasta el pr\u00f3ximo fin de semana para realizar la publicaci\u00f3n en el DOF.<\/p>\n\n\n\n<p>Fuente: Infobae<\/p>\n","protected":false},"excerpt":{"rendered":"<p>La\u00a0Secretar\u00eda de Energ\u00eda\u00a0(Sener) solicit\u00f3 una pr\u00f3rroga para cumplir con la suspensi\u00f3n definitiva, mientras se resuelven los amparos, de la reforma a la industria el\u00e9ctrica\u00a0de la actual administraci\u00f3n, medida que decretaron hasta ahora dos jueces federales en\u00a0m\u00e1s de 70 casos distintos. \u201cEn relaci\u00f3n con\u00a0la solicitud de pr\u00f3rroga que formula la Secretar\u00eda de Energ\u00eda, para que realice<a class=\"read-more\" href=\"https:\/\/globalnewsmexico.com\/sitio\/sener-pide-una-prorroga-para-frenar-reforma-electrica-de-amlo\/\">Leer m\u00e1s<\/a><\/p>\n","protected":false},"author":5,"featured_media":63549,"comment_status":"closed","ping_status":"open","sticky":false,"template":"","format":"standard","meta":{"spay_email":"","footnotes":""},"categories":[37,8,39,52],"tags":[],"jetpack_featured_media_url":"https:\/\/i1.wp.com\/globalnewsmexico.com\/sitio\/wp-content\/uploads\/2021\/03\/SHORYWIG3VGXHASWDJ7ZLGQ7EE.jpg?fit=1024%2C576&ssl=1","jetpack_sharing_enabled":true,"jetpack_shortlink":"https:\/\/wp.me\/p9yqPL-gwY","jetpack_likes_enabled":true,"_links":{"self":[{"href":"https:\/\/globalnewsmexico.com\/sitio\/wp-json\/wp\/v2\/posts\/63548"}],"collection":[{"href":"https:\/\/globalnewsmexico.com\/sitio\/wp-json\/wp\/v2\/posts"}],"about":[{"href":"https:\/\/globalnewsmexico.com\/sitio\/wp-json\/wp\/v2\/types\/post"}],"author":[{"embeddable":true,"href":"https:\/\/globalnewsmexico.com\/sitio\/wp-json\/wp\/v2\/users\/5"}],"replies":[{"embeddable":true,"href":"https:\/\/globalnewsmexico.com\/sitio\/wp-json\/wp\/v2\/comments?post=63548"}],"version-history":[{"count":0,"href":"https:\/\/globalnewsmexico.com\/sitio\/wp-json\/wp\/v2\/posts\/63548\/revisions"}],"wp:featuredmedia":[{"embeddable":true,"href":"https:\/\/globalnewsmexico.com\/sitio\/wp-json\/wp\/v2\/media\/63549"}],"wp:attachment":[{"href":"https:\/\/globalnewsmexico.com\/sitio\/wp-json\/wp\/v2\/media?parent=63548"}],"wp:term":[{"taxonomy":"category","embeddable":true,"href":"https:\/\/globalnewsmexico.com\/sitio\/wp-json\/wp\/v2\/categories?post=63548"},{"taxonomy":"post_tag","embeddable":true,"href":"https:\/\/globalnewsmexico.com\/sitio\/wp-json\/wp\/v2\/tags?post=63548"}],"curies":[{"name":"wp","href":"https:\/\/api.w.org\/{rel}","templated":true}]}}