{"id":63588,"date":"2021-03-25T12:45:51","date_gmt":"2021-03-25T18:45:51","guid":{"rendered":"http:\/\/globalnewsmexico.com\/sitio\/?p=63588"},"modified":"2021-03-25T12:45:57","modified_gmt":"2021-03-25T18:45:57","slug":"a-partir-del-sabado-vacunacion-contra-covid-19-en-orizaba","status":"publish","type":"post","link":"https:\/\/globalnewsmexico.com\/sitio\/a-partir-del-sabado-vacunacion-contra-covid-19-en-orizaba\/","title":{"rendered":"A partir del s\u00e1bado, vacunaci\u00f3n contra Covid-19 en Orizaba"},"content":{"rendered":"\n<p>A partir del pr\u00f3ximo s\u00e1bado inicia la vacunaci\u00f3n contra el Covid-19 a los adultos mayores del municipio de Orizaba, Veracruz, informaron fuentes de la Secretar\u00eda de Bienestar.<\/p>\n\n\n\n<p>Detallaron que\u00a0el Plan de Vacunaci\u00f3n avanza en el estado y que este\u00a0jueves 25 de marzo, las vacunas se siguen aplicando en orden, con fluidez y buen ambiente en Boca del R\u00edo, Poza Rica y Xico.<\/p>\n\n\n\n<p>Asimismo, que se contin\u00faa la vacunaci\u00f3n en los municipios de Benito Ju\u00e1rez, Isla, Fort\u00edn, Misantla, Santiago Xochiapa, as\u00ed como en las comunidades de Las Vigas, Maltrata y San Andr\u00e9s Tuxtla.<\/p>\n\n\n\n<p>Inform\u00f3 que el plan de vacunaci\u00f3n en Orizaba se efectuar\u00e1 teniendo como sede al Instituto Tecnol\u00f3gico, el mercado Cerritos, el auditorio &#8216;Guti\u00e9rrez Zamora&#8217; y Expori.<\/p>\n\n\n\n<p>Fuente: Xeu Noticias<\/p>\n","protected":false},"excerpt":{"rendered":"<p>A partir del pr\u00f3ximo s\u00e1bado inicia la vacunaci\u00f3n contra el Covid-19 a los adultos mayores del municipio de Orizaba, Veracruz, informaron fuentes de la Secretar\u00eda de Bienestar. Detallaron que\u00a0el Plan de Vacunaci\u00f3n avanza en el estado y que este\u00a0jueves 25 de marzo, las vacunas se siguen aplicando en orden, con fluidez y buen ambiente en<a class=\"read-more\" href=\"https:\/\/globalnewsmexico.com\/sitio\/a-partir-del-sabado-vacunacion-contra-covid-19-en-orizaba\/\">Leer m\u00e1s<\/a><\/p>\n","protected":false},"author":5,"featured_media":63589,"comment_status":"closed","ping_status":"open","sticky":false,"template":"","format":"standard","meta":{"spay_email":"","footnotes":""},"categories":[37,8,50,52],"tags":[],"jetpack_featured_media_url":"https:\/\/i2.wp.com\/globalnewsmexico.com\/sitio\/wp-content\/uploads\/2021\/03\/1150430.jpg?fit=1024%2C683&ssl=1","jetpack_sharing_enabled":true,"jetpack_shortlink":"https:\/\/wp.me\/p9yqPL-gxC","jetpack_likes_enabled":true,"_links":{"self":[{"href":"https:\/\/globalnewsmexico.com\/sitio\/wp-json\/wp\/v2\/posts\/63588"}],"collection":[{"href":"https:\/\/globalnewsmexico.com\/sitio\/wp-json\/wp\/v2\/posts"}],"about":[{"href":"https:\/\/globalnewsmexico.com\/sitio\/wp-json\/wp\/v2\/types\/post"}],"author":[{"embeddable":true,"href":"https:\/\/globalnewsmexico.com\/sitio\/wp-json\/wp\/v2\/users\/5"}],"replies":[{"embeddable":true,"href":"https:\/\/globalnewsmexico.com\/sitio\/wp-json\/wp\/v2\/comments?post=63588"}],"version-history":[{"count":0,"href":"https:\/\/globalnewsmexico.com\/sitio\/wp-json\/wp\/v2\/posts\/63588\/revisions"}],"wp:featuredmedia":[{"embeddable":true,"href":"https:\/\/globalnewsmexico.com\/sitio\/wp-json\/wp\/v2\/media\/63589"}],"wp:attachment":[{"href":"https:\/\/globalnewsmexico.com\/sitio\/wp-json\/wp\/v2\/media?parent=63588"}],"wp:term":[{"taxonomy":"category","embeddable":true,"href":"https:\/\/globalnewsmexico.com\/sitio\/wp-json\/wp\/v2\/categories?post=63588"},{"taxonomy":"post_tag","embeddable":true,"href":"https:\/\/globalnewsmexico.com\/sitio\/wp-json\/wp\/v2\/tags?post=63588"}],"curies":[{"name":"wp","href":"https:\/\/api.w.org\/{rel}","templated":true}]}}