{"id":63700,"date":"2021-03-27T14:37:43","date_gmt":"2021-03-27T20:37:43","guid":{"rendered":"http:\/\/globalnewsmexico.com\/sitio\/?p=63700"},"modified":"2021-03-27T14:37:50","modified_gmt":"2021-03-27T20:37:50","slug":"logra-gomez-cazarin-reactivacion-del-ingenio-de-lerdo","status":"publish","type":"post","link":"https:\/\/globalnewsmexico.com\/sitio\/logra-gomez-cazarin-reactivacion-del-ingenio-de-lerdo\/","title":{"rendered":"Logra G\u00f3mez Cazar\u00edn reactivaci\u00f3n del ingenio de Lerdo"},"content":{"rendered":"\n<p>Gracias a la intervenci\u00f3n del diputado Juan Javier G\u00f3mez Cazar\u00edn, el ingenio San Francisco El Naranjal, ubicado en el municipio de Lerdo de Tejada, reanudar\u00e1 en pr\u00f3ximos d\u00edas su actividad y cientos de familias ser\u00e1n beneficiadas con fuentes de empleo, luego de nueve a\u00f1os de permanecer cerrado.<\/p>\n\n\n\n<p>Con la direcci\u00f3n, visi\u00f3n y liderazgo del legislador morenista, se logr\u00f3 la venta de la factor\u00eda al empresario tabasque\u00f1o Fabi\u00e1n C\u00e1rdenas Sosa y su socio Alejandro Tovar. La inversi\u00f3n, que asciende a mil 600 millones de pesos, har\u00e1 posible que \u00e9ste sea nuevo en toda su infraestructura.<\/p>\n\n\n\n<p>El exitoso cierre de las negociaciones abre la puerta a la liquidaci\u00f3n y recontrataci\u00f3n de 595 trabajadores. El ingenio San Francisco El Naranjal fue cerrado en 2012; lo que dej\u00f3 sin trabajo a m\u00e1s de 300 trabajadores directos, m\u00e1s de 100 de confianza y 100 cortadores de ca\u00f1a. A decir de pobladores, los da\u00f1os habr\u00edan alcanzado hasta 18 mil familias, directamente a 500.<\/p>\n\n\n\n<p>Los afectados por la quiebra no olvidan las promesas incumplidas durante a\u00f1os pol\u00edticos como Jorge Carballo, Erick Lagos, Vicente Ben\u00edtez y de los exgobernadores Miguel \u00c1ngel Yunes, Javier Duarte y Fidel Herrera. Durante a\u00f1os, la gente se sinti\u00f3 enga\u00f1ada y defraudada con fideicomisos.<\/p>\n\n\n\n<p>Ante esta lastimosa situaci\u00f3n, el gobernador Cuitl\u00e1huac Garc\u00eda Jim\u00e9nez puso su confianza en la capacidad de gesti\u00f3n del diputado G\u00f3mez Cazar\u00edn, quien puso manos a la obra y fin a esta etapa amarga para los trabajadores, luego de visitar en reiteradas ocasiones este municipio y escuchar las demandas de la gente.<\/p>\n\n\n\n<p>La espera termin\u00f3 para el municipio de Lerdo de Tejada y, este lunes 29 de marzo, los trabajadores comenzar\u00e1n a recibir los pagos que por derecho les corresponden. A los cientos de familias que por a\u00f1os padecieron la insensibilidad de gobiernos corruptos por fin se les hace justicia y est\u00e1n listos para comenzar de nuevo. El ingenio de G\u00f3mez Cazar\u00edn reabri\u00f3 el ingenio de Lerdo de Tejada.<\/p>\n","protected":false},"excerpt":{"rendered":"<p>Gracias a la intervenci\u00f3n del diputado Juan Javier G\u00f3mez Cazar\u00edn, el ingenio San Francisco El Naranjal, ubicado en el municipio de Lerdo de Tejada, reanudar\u00e1 en pr\u00f3ximos d\u00edas su actividad y cientos de familias ser\u00e1n beneficiadas con fuentes de empleo, luego de nueve a\u00f1os de permanecer cerrado. Con la direcci\u00f3n, visi\u00f3n y liderazgo del legislador<a class=\"read-more\" href=\"https:\/\/globalnewsmexico.com\/sitio\/logra-gomez-cazarin-reactivacion-del-ingenio-de-lerdo\/\">Leer m\u00e1s<\/a><\/p>\n","protected":false},"author":5,"featured_media":63701,"comment_status":"closed","ping_status":"open","sticky":false,"template":"","format":"standard","meta":{"spay_email":"","footnotes":""},"categories":[37,8,50,52],"tags":[],"jetpack_featured_media_url":"https:\/\/i0.wp.com\/globalnewsmexico.com\/sitio\/wp-content\/uploads\/2021\/03\/61b894a3-f4a3-4d81-b43f-4ac1d3125bf8.jpg?fit=1024%2C664&ssl=1","jetpack_sharing_enabled":true,"jetpack_shortlink":"https:\/\/wp.me\/p9yqPL-gzq","jetpack_likes_enabled":true,"_links":{"self":[{"href":"https:\/\/globalnewsmexico.com\/sitio\/wp-json\/wp\/v2\/posts\/63700"}],"collection":[{"href":"https:\/\/globalnewsmexico.com\/sitio\/wp-json\/wp\/v2\/posts"}],"about":[{"href":"https:\/\/globalnewsmexico.com\/sitio\/wp-json\/wp\/v2\/types\/post"}],"author":[{"embeddable":true,"href":"https:\/\/globalnewsmexico.com\/sitio\/wp-json\/wp\/v2\/users\/5"}],"replies":[{"embeddable":true,"href":"https:\/\/globalnewsmexico.com\/sitio\/wp-json\/wp\/v2\/comments?post=63700"}],"version-history":[{"count":0,"href":"https:\/\/globalnewsmexico.com\/sitio\/wp-json\/wp\/v2\/posts\/63700\/revisions"}],"wp:featuredmedia":[{"embeddable":true,"href":"https:\/\/globalnewsmexico.com\/sitio\/wp-json\/wp\/v2\/media\/63701"}],"wp:attachment":[{"href":"https:\/\/globalnewsmexico.com\/sitio\/wp-json\/wp\/v2\/media?parent=63700"}],"wp:term":[{"taxonomy":"category","embeddable":true,"href":"https:\/\/globalnewsmexico.com\/sitio\/wp-json\/wp\/v2\/categories?post=63700"},{"taxonomy":"post_tag","embeddable":true,"href":"https:\/\/globalnewsmexico.com\/sitio\/wp-json\/wp\/v2\/tags?post=63700"}],"curies":[{"name":"wp","href":"https:\/\/api.w.org\/{rel}","templated":true}]}}