{"id":63713,"date":"2021-03-27T17:49:16","date_gmt":"2021-03-27T23:49:16","guid":{"rendered":"http:\/\/globalnewsmexico.com\/sitio\/?p=63713"},"modified":"2021-03-27T17:49:24","modified_gmt":"2021-03-27T23:49:24","slug":"se-desploma-avioneta-en-sonora-en-la-que-viajaba-funcionario-estatal-hay-4-muertos","status":"publish","type":"post","link":"https:\/\/globalnewsmexico.com\/sitio\/se-desploma-avioneta-en-sonora-en-la-que-viajaba-funcionario-estatal-hay-4-muertos\/","title":{"rendered":"Se desploma avioneta en Sonora en la que viajaba funcionario estatal; hay 4 muertos"},"content":{"rendered":"\n<p>La avioneta en la que viajaba el subsecretario de Desarrollo Econ\u00f3mico de Sonora,\u00a0Leonardo Ciscomani Freaner, se desplom\u00f3 al poniente de Hermosillo. El funcionario result\u00f3 herido junto con otras dos personas, mientras que\u00a0cuatro de los tripulantes murieron, confirmaron autoridades del estado.<\/p>\n\n\n\n<p>Adem\u00e1s de Ciscomani Freaner,\u00a0resultaron gravemente heridos Javier Labor\u00edn Azc\u00e1rraga y el copiloto Benjam\u00edn Rodr\u00edguez, mientras que las personas que murieron fueron identificadas como Raquel Tapia Miranda, Ver\u00f3nica Tapia Miranda, Rosella Freaner Figueroa y el piloto Jos\u00e9 El\u00edseo Ram\u00edrez Heredia.<\/p>\n\n\n\n<figure class=\"wp-block-image\"><img decoding=\"async\" src=\"https:\/\/i1.wp.com\/imagenes.milenio.com\/2Nm2Ly9Pbpv6e70P1fIX5fvjsZg=\/618x348\/https:\/\/www.milenio.com\/uploads\/media\/2021\/03\/27\/avioneta-iba-subsecretario-desarrollo-economico_129_0_941_553.jpeg?w=800&#038;ssl=1\" alt=\"\" data-recalc-dims=\"1\"\/><\/figure>\n\n\n\n<p>Autoridades estatales confirmaron a\u00a0Milenio\u00a0un reporte al 911 a las 12:35 horas locales sobre el desplome de una aeronave en la carretera rumbo a\u00a0Bah\u00eda de Kino, al poniente de la ciudad.<\/p>\n\n\n\n<p>La aeronave despeg\u00f3 del Aeropuerto Internacional Ignacio L. Pesqueira de Hermosillo con destino a Tucson, Arizona.<\/p>\n\n\n\n<figure class=\"wp-block-image\"><img decoding=\"async\" src=\"https:\/\/i1.wp.com\/imagenes.milenio.com\/n-XMCQDncnKrzO0OfhV_cuZm484=\/618x348\/https:\/\/www.milenio.com\/uploads\/media\/2021\/03\/27\/avioneta-estrello-realizaba-vuelo-tucson_0_231_620_366.jpeg?w=800&#038;ssl=1\" alt=\"\" data-recalc-dims=\"1\"\/><\/figure>\n\n\n\n<p>Al lugar del accidente acudieron param\u00e9dicos y bomberos, quienes trasladaron a los heridos al&nbsp;IMSS de Hermosillo&nbsp;para recibir atenci\u00f3n m\u00e9dica.<\/p>\n\n\n\n<p>Trascendi\u00f3 que la avioneta Sesna pudo haber tocado cables de alta tensi\u00f3n, lo que provoc\u00f3 que se precipitara para caer aproximadamente cinco kil\u00f3metros al norte del kil\u00f3metro 14 de la carretera 100 que conduce hacia Bah\u00eda de Kino.<\/p>\n\n\n\n<figure class=\"wp-block-image\"><img decoding=\"async\" src=\"https:\/\/i2.wp.com\/imagenes.milenio.com\/k8bnmeWfhzYXC4wLpTmhlzFsJnk=\/618x348\/https:\/\/www.milenio.com\/uploads\/media\/2021\/03\/27\/heridos-trasladados-imss-hermosillo-recibir_0_321_864_509.jpeg?w=800&#038;ssl=1\" alt=\"\" data-recalc-dims=\"1\"\/><\/figure>\n\n\n\n<p>Al lugar ubicado en un terreno enmontado llegaron los cuerpos de emergencias de Cruz Roja, del Departamento de Bomberos, elementos de la Sedena, polic\u00edas estatales y municipales.<\/p>\n\n\n\n<p>Por medio de su cuenta de Twitter, el Gobierno del estado confirm\u00f3 que el subsecretario de Desarrollo Econ\u00f3mico se encontraba entre los tripulantes lesionados y que estaba siendo atendido en un hospital de la ciudad de Hermosillo.<\/p>\n\n\n\n<p>Fuente: Milenio<\/p>\n","protected":false},"excerpt":{"rendered":"<p>La avioneta en la que viajaba el subsecretario de Desarrollo Econ\u00f3mico de Sonora,\u00a0Leonardo Ciscomani Freaner, se desplom\u00f3 al poniente de Hermosillo. El funcionario result\u00f3 herido junto con otras dos personas, mientras que\u00a0cuatro de los tripulantes murieron, confirmaron autoridades del estado. Adem\u00e1s de Ciscomani Freaner,\u00a0resultaron gravemente heridos Javier Labor\u00edn Azc\u00e1rraga y el copiloto Benjam\u00edn Rodr\u00edguez, mientras<a class=\"read-more\" href=\"https:\/\/globalnewsmexico.com\/sitio\/se-desploma-avioneta-en-sonora-en-la-que-viajaba-funcionario-estatal-hay-4-muertos\/\">Leer m\u00e1s<\/a><\/p>\n","protected":false},"author":5,"featured_media":63714,"comment_status":"closed","ping_status":"open","sticky":false,"template":"","format":"standard","meta":{"spay_email":"","footnotes":""},"categories":[37,8,39,52],"tags":[],"jetpack_featured_media_url":"https:\/\/i0.wp.com\/globalnewsmexico.com\/sitio\/wp-content\/uploads\/2021\/03\/la-avioneta-quedo-completamente-destruida_1_0_1085_675.jpeg?fit=958%2C596&ssl=1","jetpack_sharing_enabled":true,"jetpack_shortlink":"https:\/\/wp.me\/p9yqPL-gzD","jetpack_likes_enabled":true,"_links":{"self":[{"href":"https:\/\/globalnewsmexico.com\/sitio\/wp-json\/wp\/v2\/posts\/63713"}],"collection":[{"href":"https:\/\/globalnewsmexico.com\/sitio\/wp-json\/wp\/v2\/posts"}],"about":[{"href":"https:\/\/globalnewsmexico.com\/sitio\/wp-json\/wp\/v2\/types\/post"}],"author":[{"embeddable":true,"href":"https:\/\/globalnewsmexico.com\/sitio\/wp-json\/wp\/v2\/users\/5"}],"replies":[{"embeddable":true,"href":"https:\/\/globalnewsmexico.com\/sitio\/wp-json\/wp\/v2\/comments?post=63713"}],"version-history":[{"count":0,"href":"https:\/\/globalnewsmexico.com\/sitio\/wp-json\/wp\/v2\/posts\/63713\/revisions"}],"wp:featuredmedia":[{"embeddable":true,"href":"https:\/\/globalnewsmexico.com\/sitio\/wp-json\/wp\/v2\/media\/63714"}],"wp:attachment":[{"href":"https:\/\/globalnewsmexico.com\/sitio\/wp-json\/wp\/v2\/media?parent=63713"}],"wp:term":[{"taxonomy":"category","embeddable":true,"href":"https:\/\/globalnewsmexico.com\/sitio\/wp-json\/wp\/v2\/categories?post=63713"},{"taxonomy":"post_tag","embeddable":true,"href":"https:\/\/globalnewsmexico.com\/sitio\/wp-json\/wp\/v2\/tags?post=63713"}],"curies":[{"name":"wp","href":"https:\/\/api.w.org\/{rel}","templated":true}]}}