{"id":63742,"date":"2021-03-29T13:37:02","date_gmt":"2021-03-29T19:37:02","guid":{"rendered":"http:\/\/globalnewsmexico.com\/sitio\/?p=63742"},"modified":"2021-03-29T13:37:09","modified_gmt":"2021-03-29T19:37:09","slug":"es-todo-menos-inocente-fiscal-al-iniciar-juicio-a-policia-por-muerte-de-george-floyd","status":"publish","type":"post","link":"https:\/\/globalnewsmexico.com\/sitio\/es-todo-menos-inocente-fiscal-al-iniciar-juicio-a-policia-por-muerte-de-george-floyd\/","title":{"rendered":"\u201cEs todo, menos inocente\u201d: fiscal al iniciar juicio a polic\u00eda por muerte de George Floyd"},"content":{"rendered":"\n<p>Con las declaraciones de apertura de ambos bandos, arranc\u00f3 este lunes el juicio en contra de Derek Chauvin, el oficial de la polic\u00eda de Minneapolis, Minnesota, que el 25 de mayo del 2020 someti\u00f3 al afroamericano George Floyd, quien falleci\u00f3\u00a0tras tener en su cuello la rodilla de Chauvin, durante 9 minutos y 29 segundos, seg\u00fan un nuevo conteo presentado por la Fiscal\u00eda.<\/p>\n\n\n\n<p>Eu su declaraci\u00f3n de apertura, el fiscal Jerry W. Blackwell, se dirigi\u00f3 a los miembros del jurado a quienes advirti\u00f3 que\u00a0les demostrar\u00e1 que Chauvin \u201ces todo menos inocente\u201d\u00a0e indic\u00f3 que el ex polic\u00eda \u201ctraicion\u00f3 los principios de la organizaci\u00f3n\u201d que los ten\u00eda contratado.<\/p>\n\n\n\n<p>Mostr\u00f3 la\u00a0secuencia completa del video donde Chauvin somete a Floyd, incluidos los momentos donde este repet\u00eda los suplicantes \u201cI can\u00b4t breathe\u201d (\u00abNo puedo respirar\u00bb), y c\u00f3mo el polic\u00eda no se detuvo ni cuando el detenido dejara de moverse.\u00a0<\/p>\n\n\n\n<p>Se escucha en el material decir al detenido \u201cme duele el est\u00f3mago\u201d y \u201cdi a mis hijos que los amo\u201d tiempo durante el cual\u00a0los oficiales no detuvieron el operativo\u00a0que transcurri\u00f3 con reclamos de un ciudadano que les repet\u00eda \u201clo vas a matar, lo vas a matar\u201d.<\/p>\n\n\n\n<p>Blackwell asegur\u00f3 esta ma\u00f1ana que 4 minutos y medios despu\u00e9s de que los param\u00e9dicos llegaran, Chauvin sigui\u00f3 con su rodilla en el cuello de un Floyd ya inconsciente. Adelant\u00f3 que\u00a0polic\u00edas de Minneapolis acudir\u00e1n como testigos\u00a0y \u201cles demostrar\u00e1n que la fuerza utilizada por Chauvin fue innecesaria\u201d.<\/p>\n\n\n\n<p>Asegur\u00f3 el fiscal que uno de los mandamientos de la polic\u00eda de Minneapolis es\u00a0\u201csi est\u00e1 en tu custodia, est\u00e1 a tu cuidado\u201d. Anunci\u00f3 que al juicio acudir\u00e1n doctores y forenses que \u201cles aclarar\u00e1n cu\u00e1l fue la causa espec\u00edfica de la muerte y que entonces quedar\u00e1 claro que la muerte fue por uso de fuerza sin raz\u00f3n\u201d.<\/p>\n\n\n\n<p>\u201c\u00bfDe qu\u00e9 se trata este caso?\u201d se pregunto Jerry Blackwell. \u201cNo trata de juzgar a la polic\u00eda que en casi todos los casos hacen un trabajo excelente, sino de demostrar que el se\u00f1or Chauvin\u00a0us\u00f3 de manera equivocada los procedimientos policiacos\u201d que no permiten esa clase de sometimientos. \u201cNo muri\u00f3 por sobredosis de opioides\u201d, como tratar\u00e1n de mostrar la defensa del polic\u00eda\u201d.<\/p>\n\n\n\n<h3 class=\"wp-block-heading\">\u00bfQu\u00e9 dice la defensa del ex polic\u00eda que mat\u00f3 a George Floyd?<\/h3>\n\n\n\n<p>Por su parte, Eric Nelson, abogado del ex polic\u00eda, aleg\u00f3 que \u201cChauvin hizo exactamente lo que le ense\u00f1aron en el entrenamiento\u201d e inici\u00f3 su alegato buscando despojar de prejuicios raciales al caso diciendo que \u201cno hay una causa pol\u00edtica o social en esta corte\u201d.&nbsp;<\/p>\n\n\n\n<p>El representante de Chauvin apel\u00f3 al sentido com\u00fan de los 12 miembros del jurado para que examinen el total de las circunstancias y les\u00a0advirti\u00f3 que este caso no se tratar\u00e1 de los 9 minutos y 29 segundos, sino que hay muchas m\u00e1s cosas que analizar.<\/p>\n\n\n\n<p>Mostraron c\u00f3mo su defensa se basar\u00e1 en tratar de criminalizar a Floyd al decir que entr\u00f3 en la tienda drogado y que ten\u00eda sustancias consigo al momento de que los polic\u00edas llegaron a su camioneta a detenerlo.&nbsp;<\/p>\n\n\n\n<p>Incluso aleg\u00f3 que, antes del sometimiento, Floyd y los oficiales forcejearon. \u201cEl examen de sangre mostr\u00f3 restos de fentanilo y metanfetamina\u201d, asegur\u00f3 el litigante quien dijo que la muerte del afrodescendiente se debi\u00f3 a un ataque al coraz\u00f3n debido a las drogas consumidas.<\/p>\n\n\n\n<p>A sus 44 a\u00f1os,\u00a0Chauvin enfrenta tres cargos, el primero por asesinato involuntario en segundo grado, uno m\u00e1s por asesinato en tercer grado que significa perpetrar un acto eminentemente peligroso mostrando una mente depravada y por \u00faltimo homicidio en segundo grado. En sus 19 a\u00f1os como oficial de polic\u00eda, Derek Chauvin acumul\u00f3 al menos 17 quejas.<\/p>\n\n\n\n<p>En su archivo reposan\u00a0dos cartas de reprimenda y una reprimenda verbal\u00a0por usar un lenguaje despectivo que no surtieron efecto en su accionar. Adem\u00e1s, estuvo involucrado en tres tiroteos durante su carrera. En uno de esos, un hombre dijo que el oficial entr\u00f3 en su casa, tras una llamada de violencia dom\u00e9stica e irrumpi\u00f3 por la puerta del ba\u00f1o, comenz\u00f3 a golpearlo y luego le dispar\u00f3 dos veces en el abdomen. Chauvin dijo que el tipo iba por su arma.<\/p>\n\n\n\n<p>Fuente: Agencias<\/p>\n","protected":false},"excerpt":{"rendered":"<p>Con las declaraciones de apertura de ambos bandos, arranc\u00f3 este lunes el juicio en contra de Derek Chauvin, el oficial de la polic\u00eda de Minneapolis, Minnesota, que el 25 de mayo del 2020 someti\u00f3 al afroamericano George Floyd, quien falleci\u00f3\u00a0tras tener en su cuello la rodilla de Chauvin, durante 9 minutos y 29 segundos, seg\u00fan<a class=\"read-more\" href=\"https:\/\/globalnewsmexico.com\/sitio\/es-todo-menos-inocente-fiscal-al-iniciar-juicio-a-policia-por-muerte-de-george-floyd\/\">Leer m\u00e1s<\/a><\/p>\n","protected":false},"author":5,"featured_media":63743,"comment_status":"closed","ping_status":"open","sticky":false,"template":"","format":"standard","meta":{"spay_email":"","footnotes":""},"categories":[37,8,48,52],"tags":[],"jetpack_featured_media_url":"https:\/\/i1.wp.com\/globalnewsmexico.com\/sitio\/wp-content\/uploads\/2021\/03\/caso-george-floyd-genero-serie_0_22_1024_638.jpg?fit=958%2C596&ssl=1","jetpack_sharing_enabled":true,"jetpack_shortlink":"https:\/\/wp.me\/p9yqPL-gA6","jetpack_likes_enabled":true,"_links":{"self":[{"href":"https:\/\/globalnewsmexico.com\/sitio\/wp-json\/wp\/v2\/posts\/63742"}],"collection":[{"href":"https:\/\/globalnewsmexico.com\/sitio\/wp-json\/wp\/v2\/posts"}],"about":[{"href":"https:\/\/globalnewsmexico.com\/sitio\/wp-json\/wp\/v2\/types\/post"}],"author":[{"embeddable":true,"href":"https:\/\/globalnewsmexico.com\/sitio\/wp-json\/wp\/v2\/users\/5"}],"replies":[{"embeddable":true,"href":"https:\/\/globalnewsmexico.com\/sitio\/wp-json\/wp\/v2\/comments?post=63742"}],"version-history":[{"count":0,"href":"https:\/\/globalnewsmexico.com\/sitio\/wp-json\/wp\/v2\/posts\/63742\/revisions"}],"wp:featuredmedia":[{"embeddable":true,"href":"https:\/\/globalnewsmexico.com\/sitio\/wp-json\/wp\/v2\/media\/63743"}],"wp:attachment":[{"href":"https:\/\/globalnewsmexico.com\/sitio\/wp-json\/wp\/v2\/media?parent=63742"}],"wp:term":[{"taxonomy":"category","embeddable":true,"href":"https:\/\/globalnewsmexico.com\/sitio\/wp-json\/wp\/v2\/categories?post=63742"},{"taxonomy":"post_tag","embeddable":true,"href":"https:\/\/globalnewsmexico.com\/sitio\/wp-json\/wp\/v2\/tags?post=63742"}],"curies":[{"name":"wp","href":"https:\/\/api.w.org\/{rel}","templated":true}]}}