{"id":63791,"date":"2021-03-30T14:45:45","date_gmt":"2021-03-30T20:45:45","guid":{"rendered":"http:\/\/globalnewsmexico.com\/sitio\/?p=63791"},"modified":"2021-03-30T14:45:48","modified_gmt":"2021-03-30T20:45:48","slug":"fallece-mujer-de-la-tercera-edad-mientras-hacia-fila-para-recibir-su-vacuna-en-puebla","status":"publish","type":"post","link":"https:\/\/globalnewsmexico.com\/sitio\/fallece-mujer-de-la-tercera-edad-mientras-hacia-fila-para-recibir-su-vacuna-en-puebla\/","title":{"rendered":"Fallece mujer de la tercera edad mientras hac\u00eda fila para recibir su vacuna en Puebla"},"content":{"rendered":"\n<p>Una mujer\u00a0de 82 a\u00f1os muri\u00f3 a las\u00a0afueras de Ciudad Universitaria, en el municipio de Puebla, donde se encontraba haciendo fila para vacunarse contra el Covid-19.<\/p>\n\n\n\n<p>La se\u00f1ora\u00a0pas\u00f3 el primer filtro\u00a0para recibir este biol\u00f3gico de la marca Sinovac; sin embargo, mientras hac\u00eda fila, se desvaneci\u00f3 e inmediatamente fue\u00a0atendida por personal de Protecci\u00f3n Civil de Puebla\u00a0capital, quienes la trasladaron al Instituto de Seguridad y Servicios Sociales de los Trabajadores al Servicio de los Poderes del Estado de Puebla (Issstep).<\/p>\n\n\n\n<p>Minutos m\u00e1s tarde, el personal m\u00e9dico de este nosocomio confirm\u00f3 que la se\u00f1ora hab\u00eda muerto, sin especificarse las causas\u00a0de deceso, aunque seg\u00fan testigos, la se\u00f1ora lamentablemente sufri\u00f3 un infarto.<\/p>\n\n\n\n<p>Desde ayer existe una serie de cr\u00edticas en contra del representante del Gobierno federal en Puebla, Rodrigo Abdala Dartigues, por la\u00a0falta de log\u00edstica para aplicar las vacunas en Puebla\u00a0y en favor de ciudadanos que viven al sur de la capital.<\/p>\n\n\n\n<p>Incluso, hay varios reportes de que los que intentaban vacunarse\u00a0tuvieron que esperar m\u00e1s de doce horas, sin comer, agua o ir al ba\u00f1o para lograr su primera vacuna en contra del virus.<\/p>\n\n\n\n<p>Fuente: El Heraldo de M\u00e9xico<\/p>\n","protected":false},"excerpt":{"rendered":"<p>Una mujer\u00a0de 82 a\u00f1os muri\u00f3 a las\u00a0afueras de Ciudad Universitaria, en el municipio de Puebla, donde se encontraba haciendo fila para vacunarse contra el Covid-19. La se\u00f1ora\u00a0pas\u00f3 el primer filtro\u00a0para recibir este biol\u00f3gico de la marca Sinovac; sin embargo, mientras hac\u00eda fila, se desvaneci\u00f3 e inmediatamente fue\u00a0atendida por personal de Protecci\u00f3n Civil de Puebla\u00a0capital, quienes<a class=\"read-more\" href=\"https:\/\/globalnewsmexico.com\/sitio\/fallece-mujer-de-la-tercera-edad-mientras-hacia-fila-para-recibir-su-vacuna-en-puebla\/\">Leer m\u00e1s<\/a><\/p>\n","protected":false},"author":5,"featured_media":63792,"comment_status":"closed","ping_status":"open","sticky":false,"template":"","format":"standard","meta":{"spay_email":"","footnotes":""},"categories":[37,8,49,52],"tags":[],"jetpack_featured_media_url":"https:\/\/i0.wp.com\/globalnewsmexico.com\/sitio\/wp-content\/uploads\/2021\/03\/f925x521-347282_416146_5050.png?fit=1024%2C577&ssl=1","jetpack_sharing_enabled":true,"jetpack_shortlink":"https:\/\/wp.me\/p9yqPL-gAT","jetpack_likes_enabled":true,"_links":{"self":[{"href":"https:\/\/globalnewsmexico.com\/sitio\/wp-json\/wp\/v2\/posts\/63791"}],"collection":[{"href":"https:\/\/globalnewsmexico.com\/sitio\/wp-json\/wp\/v2\/posts"}],"about":[{"href":"https:\/\/globalnewsmexico.com\/sitio\/wp-json\/wp\/v2\/types\/post"}],"author":[{"embeddable":true,"href":"https:\/\/globalnewsmexico.com\/sitio\/wp-json\/wp\/v2\/users\/5"}],"replies":[{"embeddable":true,"href":"https:\/\/globalnewsmexico.com\/sitio\/wp-json\/wp\/v2\/comments?post=63791"}],"version-history":[{"count":0,"href":"https:\/\/globalnewsmexico.com\/sitio\/wp-json\/wp\/v2\/posts\/63791\/revisions"}],"wp:featuredmedia":[{"embeddable":true,"href":"https:\/\/globalnewsmexico.com\/sitio\/wp-json\/wp\/v2\/media\/63792"}],"wp:attachment":[{"href":"https:\/\/globalnewsmexico.com\/sitio\/wp-json\/wp\/v2\/media?parent=63791"}],"wp:term":[{"taxonomy":"category","embeddable":true,"href":"https:\/\/globalnewsmexico.com\/sitio\/wp-json\/wp\/v2\/categories?post=63791"},{"taxonomy":"post_tag","embeddable":true,"href":"https:\/\/globalnewsmexico.com\/sitio\/wp-json\/wp\/v2\/tags?post=63791"}],"curies":[{"name":"wp","href":"https:\/\/api.w.org\/{rel}","templated":true}]}}