{"id":63856,"date":"2021-03-31T15:45:01","date_gmt":"2021-03-31T21:45:01","guid":{"rendered":"http:\/\/globalnewsmexico.com\/sitio\/?p=63856"},"modified":"2021-03-31T15:45:11","modified_gmt":"2021-03-31T21:45:11","slug":"tepjf-prohibe-emitir-propaganda-de-gobierno-en-mananera-de-amlo-durante-campanas","status":"publish","type":"post","link":"https:\/\/globalnewsmexico.com\/sitio\/tepjf-prohibe-emitir-propaganda-de-gobierno-en-mananera-de-amlo-durante-campanas\/","title":{"rendered":"TEPJF proh\u00edbe emitir propaganda de gobierno en &#8216;ma\u00f1anera&#8217; de AMLO durante campa\u00f1as"},"content":{"rendered":"\n<p>El Tribunal Electoral del Poder Judicial de la Federaci\u00f3n (TEPJF) defini\u00f3 criterios en los que proh\u00edbe que, en las conferencias de prensa, tanto del presidente Andr\u00e9s Manuel L\u00f3pez Obrador como de cualquier otro servidor p\u00fablico,\u00a0se difundan logros de gobierno, datos o estad\u00edsticas de actividades o programas gubernamentales e informaci\u00f3n que tenga el fin de generar una imagen positiva\u00a0ante la ciudadan\u00eda durante periodos electorales.<\/p>\n\n\n\n<p>El \u00fanico contenido que se puede emitir en las conferencias\u00a0deber\u00e1 ser de car\u00e1cter institucional\u00a0y tendr\u00e1 que abstenerse de incluir frases, im\u00e1genes, voces o s\u00edmbolos considerador propaganda pol\u00edtica o electoral, y\u00a0deber\u00e1 tener fines informativos de servicios educativos y de salud o los necesarios para la protecci\u00f3n civil en casos de emergencia.<\/p>\n\n\n\n<p>Con los criterios incluidos en la sentencia,\u00a0se prioriza el an\u00e1lisis del contenido de los mensajes gubernamentales\u00a0por encima de si la transmisi\u00f3n de las conferencias ma\u00f1aneras es \u00edntegra o parcial.<\/p>\n\n\n\n<p>El proyecto de sentencia -que resuelve la impugnaci\u00f3n a una resoluci\u00f3n de la Sala Regional Especializada en contra de concesionarias p\u00fablicas por haber transmitido de manera \u00edntegra conferencias matutinas del Presidente en periodos prohibidos- fue presentado en sesi\u00f3n p\u00fablica virtual por el magistrado Felipe Fuentes Barrera y\u00a0aprobado por unanimidad de los siete magistrados de la Sala Superior del TEPJF.<\/p>\n\n\n\n<p>De manera particular, el magistrado presidente Jos\u00e9 Luis Vargas y la magistrada M\u00f3nica Soto emitieron votos concurrentes en lo relacionado con los criterios relacionados a los servidores p\u00fablicos, pues consider\u00f3 que\u00a0las actuaciones de estos deber\u00e1n analizarse caso por caso, en cuanto ocurran las supuestas infracciones.<\/p>\n\n\n\n<p>La sentencia establece un\u00a0dec\u00e1logo de acciones permitidas y prohibidas tanto para los medios de comunicaci\u00f3n, a los que se les proh\u00edbe difundir propaganda gubernamental y para ello, le fija la responsabilidad de analizar el contenido de los mensajes de los actores gubernamentales, como para los servidores p\u00fablicos, a los que\u00a0se les proh\u00edbe emitir propaganda gubernamental o promoci\u00f3n personalizada en los mensajes de las conferencias de prensa\u00a0a las que convoquen durante periodos de campa\u00f1as electorales o en el d\u00eda de los comicios.<\/p>\n\n\n\n<p>Los criterios fueron propuestos por el magistrado Fuentes Barrera, con la intenci\u00f3n de dar certeza jur\u00eddica de lo que est\u00e1 permitido y prohibido durante los procesos electorales, con base en la Constituci\u00f3n y la ley electoral, y clarificar las reglas con base en la cual se podr\u00e1n imponer sanciones a quienes violenten los principios legales y constitucionales relacionados con la difusi\u00f3n de mensajes gubernamentales durante campa\u00f1as, periodo de reflexi\u00f3n y jornada electoral.<\/p>\n\n\n\n<p>\u201cSe debe buscar garantizar que todos los involucrados en la difusi\u00f3n de la propaganda, los concesionarios y servidores p\u00fablicos, conozcan criterios que deben tomar en cuenta\u201d, dijo Fuentes.<\/p>\n\n\n\n<h2 class=\"wp-block-heading\">Los diez criterios aprobados por la Sala Superior del TEPJF&nbsp;<\/h2>\n\n\n\n<p>1. La actividad period\u00edstica, con independencia del g\u00e9nero y la forma en que se ejerza, goza de autonom\u00eda e independencia en la elaboraci\u00f3n,\u00a0producci\u00f3n y su difusi\u00f3n sin que su ejercicio pueda sujetarse a cualquier tipo de control o censura previa, sino a responsabilidades ulteriores, las que deben estar expresamente fijadas en la ley y ser necesarias para asegurar, entre otros,\u00a0el respeto a los derechos y el orden p\u00fablico constitucional.<\/p>\n\n\n\n<p>2.\u00a0No existe obligaci\u00f3n legal de transmitir las conferencias ma\u00f1aneras del presidente de la Rep\u00fablica\u00a0o de cualquier otra autoridad gubernamental similar de manera parcial o total.<\/p>\n\n\n\n<p>3. Las normas que restringen la difusi\u00f3n de los informes de labores o los promocionales son aplicables tanto a los funcionarios p\u00fablicos como a las concesionarias de radio y televisi\u00f3n.<\/p>\n\n\n\n<p>4.\u00a0Est\u00e1 prohibida la difusi\u00f3n de promocionales o materiales en los que un funcionario destaque su persona, su imagen, voz, o acciones,\u00a0salvo los informes de labores o gesti\u00f3n de los servidores p\u00fablicos, previstos en la ley.<\/p>\n\n\n\n<p>5.\u00a0La neutralidad que deben guardar las concesionarias en la difusi\u00f3n de la comunicaci\u00f3n gubernamental es de car\u00e1cter electoral,\u00a0lo que implica una actitud de imparcialidad, libre de favoritismos, en relaci\u00f3n con los distintos actores de los procesos electorales.<\/p>\n\n\n\n<p>6.\u00a0Las concesionarias est\u00e1n obligadas a no transmitir propaganda gubernamental\u00a0(logros de gobierno, temas coyunturales de ejercicio gubernamental, datos o estad\u00edsticas de actividades o programas gubernamentales y en general informaci\u00f3n relevante respecto del actuar de un gobierno en activo con el fin de generar una imagen positiva de este ante la ciudadan\u00eda y el electorado) en las entidades en las que se desarrollen procesos electorales, de acuerdo con los mapas de cobertura y el cat\u00e1logo de emisoras aprobado por el INE.<\/p>\n\n\n\n<p>7. Por tanto,\u00a0lo que debe analizarse es el contenido, con independencia de c\u00f3mo se transmitan las ma\u00f1aneras\u00a0si de manera parcial o total.<\/p>\n\n\n\n<p>8. Las concesionarias est\u00e1n\u00a0obligadas a transmitir las pautas en los tiempos que les sean ordenadas por el INE.<\/p>\n\n\n\n<p>9.\u00a0Las concesionarias no deben modificar el orden de los promocionales,\u00a0el horario de transmisi\u00f3n o el cambio en su versi\u00f3n.<\/p>\n\n\n\n<p>10. El incumplimiento por parte de las concesionarias de sus obligaciones legales en materia pol\u00edtico-electoral debe ser sujeto de las sanciones previstas por la ley.<\/p>\n\n\n\n<p>En la misma sentencia,\u00a0se revocaron las sanciones que se hab\u00edan impuesto al Canal Once y al Sistema P\u00fablico de Radiodifusi\u00f3n, a los cuales se hab\u00eda sancionado por haber transmitido de manera \u00edntegra las conferencias matutinas del presidente Andr\u00e9s Manuel L\u00f3pez Obrador durante periodos prohibidos, por haber campa\u00f1as electorales en curso.<\/p>\n\n\n\n<p>Fuente: Milenio<\/p>\n","protected":false},"excerpt":{"rendered":"<p>El Tribunal Electoral del Poder Judicial de la Federaci\u00f3n (TEPJF) defini\u00f3 criterios en los que proh\u00edbe que, en las conferencias de prensa, tanto del presidente Andr\u00e9s Manuel L\u00f3pez Obrador como de cualquier otro servidor p\u00fablico,\u00a0se difundan logros de gobierno, datos o estad\u00edsticas de actividades o programas gubernamentales e informaci\u00f3n que tenga el fin de generar<a class=\"read-more\" href=\"https:\/\/globalnewsmexico.com\/sitio\/tepjf-prohibe-emitir-propaganda-de-gobierno-en-mananera-de-amlo-durante-campanas\/\">Leer m\u00e1s<\/a><\/p>\n","protected":false},"author":5,"featured_media":63857,"comment_status":"closed","ping_status":"open","sticky":false,"template":"","format":"standard","meta":{"spay_email":"","footnotes":""},"categories":[37,8,39,52],"tags":[],"jetpack_featured_media_url":"https:\/\/i0.wp.com\/globalnewsmexico.com\/sitio\/wp-content\/uploads\/2021\/03\/mananera-presidente-andres-manuel-lopez-53_108_48_1091_679.jpg?fit=958%2C596&ssl=1","jetpack_sharing_enabled":true,"jetpack_shortlink":"https:\/\/wp.me\/p9yqPL-gBW","jetpack_likes_enabled":true,"_links":{"self":[{"href":"https:\/\/globalnewsmexico.com\/sitio\/wp-json\/wp\/v2\/posts\/63856"}],"collection":[{"href":"https:\/\/globalnewsmexico.com\/sitio\/wp-json\/wp\/v2\/posts"}],"about":[{"href":"https:\/\/globalnewsmexico.com\/sitio\/wp-json\/wp\/v2\/types\/post"}],"author":[{"embeddable":true,"href":"https:\/\/globalnewsmexico.com\/sitio\/wp-json\/wp\/v2\/users\/5"}],"replies":[{"embeddable":true,"href":"https:\/\/globalnewsmexico.com\/sitio\/wp-json\/wp\/v2\/comments?post=63856"}],"version-history":[{"count":0,"href":"https:\/\/globalnewsmexico.com\/sitio\/wp-json\/wp\/v2\/posts\/63856\/revisions"}],"wp:featuredmedia":[{"embeddable":true,"href":"https:\/\/globalnewsmexico.com\/sitio\/wp-json\/wp\/v2\/media\/63857"}],"wp:attachment":[{"href":"https:\/\/globalnewsmexico.com\/sitio\/wp-json\/wp\/v2\/media?parent=63856"}],"wp:term":[{"taxonomy":"category","embeddable":true,"href":"https:\/\/globalnewsmexico.com\/sitio\/wp-json\/wp\/v2\/categories?post=63856"},{"taxonomy":"post_tag","embeddable":true,"href":"https:\/\/globalnewsmexico.com\/sitio\/wp-json\/wp\/v2\/tags?post=63856"}],"curies":[{"name":"wp","href":"https:\/\/api.w.org\/{rel}","templated":true}]}}