{"id":63973,"date":"2021-04-02T20:00:13","date_gmt":"2021-04-03T02:00:13","guid":{"rendered":"http:\/\/globalnewsmexico.com\/sitio\/?p=63973"},"modified":"2021-04-02T20:00:18","modified_gmt":"2021-04-03T02:00:18","slug":"ine-ordena-a-morena-no-promocionar-imagen-de-felix-salgado-macedonio-en-spots","status":"publish","type":"post","link":"https:\/\/globalnewsmexico.com\/sitio\/ine-ordena-a-morena-no-promocionar-imagen-de-felix-salgado-macedonio-en-spots\/","title":{"rendered":"INE ordena a Morena no promocionar imagen de F\u00e9lix Salgado Macedonio en spots"},"content":{"rendered":"\n<p>La Comisi\u00f3n de Quejas y Denuncias del\u00a0Instituto Nacional Electoral\u00a0(INE) orden\u00f3 este viernes a\u00a0Morena\u00a0no difundir spots para promover la imagen de\u00a0F\u00e9lix Salgado Macedonio pues, al menos por ahora, tiene cancelada la\u00a0candidatura para buscar el gobierno de Guerrero.\u00a0<\/p>\n\n\n\n<p>El PRI present\u00f3 una queja por la difusi\u00f3n de spots en los que Morena promovi\u00f3 la figura de F\u00e9lix Salgado. El Revolucionario Institucional pidi\u00f3 medidas cautelares; sin embargo, la Comisi\u00f3n desech\u00f3 improcedente la aplicaci\u00f3n de \u00e9stas, ya que los spots dejaron de transmitirse el 31 de marzo pasado.<\/p>\n\n\n\n<p>La consejera Adriana Favela propuso que la Direcci\u00f3n Ejecutiva de Prerrogativas y Partidos Pol\u00edticos se mantenga atenta y retire cualquier spot que promueva la figura de Salgado Macedonio, mientras el guerrerense tenga cancelada la candidatura por Morena.<\/p>\n\n\n\n<p>\u201cMientras haya una candidatura cancelada no se pueden difundir \u00a0promocionales respecto a esta persona\u201d, coment\u00f3 durante la sesi\u00f3n extraordinaria de la Comisi\u00f3n.<\/p>\n\n\n\n<p>La consejera Claudia Zavala aval\u00f3 la propuesta bajo el argumento de que Morena est\u00e1 en posibilidad de seguir pautando promocionales.<\/p>\n\n\n\n<p>Es necesario actuar, mencion\u00f3, en caso de que se llegara a detectar la promoci\u00f3n, mientras la situaci\u00f3n de cancelaci\u00f3n de candidatura contin\u00fae.<\/p>\n\n\n\n<p>\u201cAqu\u00ed cobra sentido una potestad que derivado de la Sala Superior dio a la Direcci\u00f3n Ejecutiva de Prerrogativas y Partidos Pol\u00edticos. Hay que ser expl\u00edcitos en ello, prever que no se suban spots en el entendido de que mientras est\u00e9 la cancelaci\u00f3n de la candidatura no podr\u00e1 difundirse\u201d, mencion\u00f3.<\/p>\n\n\n\n<p>El presidente de la Comisi\u00f3n,\u00a0Ciro Murayama, consider\u00f3 correcta la adhesi\u00f3n que se hizo al proyecto.<\/p>\n\n\n\n<p>\u201cLa Direcci\u00f3n Ejecutiva de Prerrogativas y Partidos Pol\u00edticos estar\u00e1 atenta, si se llega a presentar un material promoviendo una candidatura que fue retirada por orden del Consejo General (del INE) y avalada por el Organismo P\u00fablico Local de Guerrero\u201d, indic\u00f3.<\/p>\n\n\n\n<p>Fuente: El Universal<\/p>\n","protected":false},"excerpt":{"rendered":"<p>La Comisi\u00f3n de Quejas y Denuncias del\u00a0Instituto Nacional Electoral\u00a0(INE) orden\u00f3 este viernes a\u00a0Morena\u00a0no difundir spots para promover la imagen de\u00a0F\u00e9lix Salgado Macedonio pues, al menos por ahora, tiene cancelada la\u00a0candidatura para buscar el gobierno de Guerrero.\u00a0 El PRI present\u00f3 una queja por la difusi\u00f3n de spots en los que Morena promovi\u00f3 la figura de F\u00e9lix<a class=\"read-more\" href=\"https:\/\/globalnewsmexico.com\/sitio\/ine-ordena-a-morena-no-promocionar-imagen-de-felix-salgado-macedonio-en-spots\/\">Leer m\u00e1s<\/a><\/p>\n","protected":false},"author":5,"featured_media":63629,"comment_status":"closed","ping_status":"open","sticky":false,"template":"","format":"standard","meta":{"spay_email":"","footnotes":""},"categories":[37,8,39,52],"tags":[],"jetpack_featured_media_url":"https:\/\/i1.wp.com\/globalnewsmexico.com\/sitio\/wp-content\/uploads\/2021\/03\/Felix-Salgado-Macedonio-1-3.jpg?fit=1024%2C683&ssl=1","jetpack_sharing_enabled":true,"jetpack_shortlink":"https:\/\/wp.me\/p9yqPL-gDP","jetpack_likes_enabled":true,"_links":{"self":[{"href":"https:\/\/globalnewsmexico.com\/sitio\/wp-json\/wp\/v2\/posts\/63973"}],"collection":[{"href":"https:\/\/globalnewsmexico.com\/sitio\/wp-json\/wp\/v2\/posts"}],"about":[{"href":"https:\/\/globalnewsmexico.com\/sitio\/wp-json\/wp\/v2\/types\/post"}],"author":[{"embeddable":true,"href":"https:\/\/globalnewsmexico.com\/sitio\/wp-json\/wp\/v2\/users\/5"}],"replies":[{"embeddable":true,"href":"https:\/\/globalnewsmexico.com\/sitio\/wp-json\/wp\/v2\/comments?post=63973"}],"version-history":[{"count":0,"href":"https:\/\/globalnewsmexico.com\/sitio\/wp-json\/wp\/v2\/posts\/63973\/revisions"}],"wp:featuredmedia":[{"embeddable":true,"href":"https:\/\/globalnewsmexico.com\/sitio\/wp-json\/wp\/v2\/media\/63629"}],"wp:attachment":[{"href":"https:\/\/globalnewsmexico.com\/sitio\/wp-json\/wp\/v2\/media?parent=63973"}],"wp:term":[{"taxonomy":"category","embeddable":true,"href":"https:\/\/globalnewsmexico.com\/sitio\/wp-json\/wp\/v2\/categories?post=63973"},{"taxonomy":"post_tag","embeddable":true,"href":"https:\/\/globalnewsmexico.com\/sitio\/wp-json\/wp\/v2\/tags?post=63973"}],"curies":[{"name":"wp","href":"https:\/\/api.w.org\/{rel}","templated":true}]}}