{"id":64027,"date":"2021-04-03T21:30:30","date_gmt":"2021-04-04T03:30:30","guid":{"rendered":"http:\/\/globalnewsmexico.com\/sitio\/?p=64027"},"modified":"2021-04-03T21:30:35","modified_gmt":"2021-04-04T03:30:35","slug":"medicos-peruanos-vacunados-se-contagian-de-covid-19-tres-estan-en-cuidados-intensivos","status":"publish","type":"post","link":"https:\/\/globalnewsmexico.com\/sitio\/medicos-peruanos-vacunados-se-contagian-de-covid-19-tres-estan-en-cuidados-intensivos\/","title":{"rendered":"M\u00e9dicos peruanos vacunados se contagian de Covid-19; tres est\u00e1n en cuidados intensivos"},"content":{"rendered":"\n<p>Siete\u00a0m\u00e9dicos peruanos\u00a0se contagiaron de Covid-19\u00a0tras haberse vacunado y tres de ellos permanecen hospitalizados en unidades de cuidados intensivos, inform\u00f3 este s\u00e1bado el\u00a0Seguro Social de Salud\u00a0(EsSalud).<\/p>\n\n\n\n<p>Los siete contagios ocurrieron en\u00a0Piura\u00a0y cuatro m\u00e9dicos que hab\u00edan recibido ambas dosis de la vacuna anticovid permanecen en reposo en sus hogares, dijo el gerente de\u00a0EsSalud en esa regi\u00f3n, el doctor Jos\u00e9 C\u00e9spedes.<\/p>\n\n\n\n<p>\u00abEs importante decir que estos [tres] m\u00e9dicos que est\u00e1n en la\u00a0unidad de cuidados intensivos\u00a0hab\u00edan recibido [solamente] la primera dosis y luego se infectaron. No llegaron a completar la segunda dosis\u00bb, indic\u00f3 C\u00e9spedes en conferencia de prensa.<\/p>\n\n\n\n<p>Los m\u00e9dicos han pagado un alto precio con la\u00a0pandemia, que\u00a0no da tregua al pa\u00eds, con 401 muertos, seg\u00fan el\u00a0Colegio M\u00e9dico del Per\u00fa. Adem\u00e1s, otros 60 estaban hospitalizados en cuidados intensivos a fines de marzo, seg\u00fan el \u00faltimo reporte divulgado por el gremio.<\/p>\n\n\n\n<p>\u00abLos otros [cuatro m\u00e9dicos] que completaron la segunda dosis se contagiaron antes de los 15 d\u00edas\u00bb de la segunda vacunaci\u00f3n, indic\u00f3 C\u00e9spedes.<\/p>\n\n\n\n<p>El jefe regional de\u00a0EsSalud\u00a0atribuy\u00f3 los contagios de sus siete colegas -quienes trabajan en diferentes hospitales- a que \u00aba veces nos confiamos y pensamos que no nos va a dar\u00bb el Covid-19.<\/p>\n\n\n\n<p>\u00abComo se dijo desde un principio, toda persona que sea inmunizada no est\u00e1 libre de infectarse del virus en alg\u00fan momento, la efectividad se da en que la persona no llegar\u00e1 a estadios graves de la enfermedad\u00bb, explic\u00f3 el m\u00e9dico.<\/p>\n\n\n\n<p>Per\u00fa\u00a0inici\u00f3 la vacunaci\u00f3n el 9 de febrero con dosis chinas de\u00a0Sinopharm\u00a0y la primera etapa est\u00e1 dirigida al personal de salud, militares, bomberos y ancianos. La meta es inmunizar a 25 millones de los 33 millones de peruanos, pero la campa\u00f1a avanza lentamente.<\/p>\n\n\n\n<p>El pa\u00eds andino enfrenta desde diciembre la segunda ola de la\u00a0pandemia\u00a0y el jueves registr\u00f3 un r\u00e9cord diario de casi 13 mil contagios, por sobre el r\u00e9cord de 8 mil 340 de la\u00a0primera ola\u00a0a mediados de agosto.<\/p>\n\n\n\n<p>Per\u00fa acumula 1.5 millones de contagios y m\u00e1s de 52 mil muertos desde que irrumpi\u00f3 la\u00a0pandemia, hace 13 meses.<\/p>\n\n\n\n<p>Esta semana los\u00a0contagios\u00a0ascienden a casi\u00a08 mil al d\u00eda\u00a0en promedio y desde hace dos meses mueren diariamente casi 200 personas.<\/p>\n\n\n\n<p>Para contener el virus, durante los cuatro d\u00edas del feriado de\u00a0Semana Santa\u00a0rige una cuarentena nacional obligatoria.<\/p>\n\n\n\n<p>Fuente: Agencias<\/p>\n","protected":false},"excerpt":{"rendered":"<p>Siete\u00a0m\u00e9dicos peruanos\u00a0se contagiaron de Covid-19\u00a0tras haberse vacunado y tres de ellos permanecen hospitalizados en unidades de cuidados intensivos, inform\u00f3 este s\u00e1bado el\u00a0Seguro Social de Salud\u00a0(EsSalud). Los siete contagios ocurrieron en\u00a0Piura\u00a0y cuatro m\u00e9dicos que hab\u00edan recibido ambas dosis de la vacuna anticovid permanecen en reposo en sus hogares, dijo el gerente de\u00a0EsSalud en esa regi\u00f3n, el<a class=\"read-more\" href=\"https:\/\/globalnewsmexico.com\/sitio\/medicos-peruanos-vacunados-se-contagian-de-covid-19-tres-estan-en-cuidados-intensivos\/\">Leer m\u00e1s<\/a><\/p>\n","protected":false},"author":5,"featured_media":64028,"comment_status":"closed","ping_status":"open","sticky":false,"template":"","format":"standard","meta":{"spay_email":"","footnotes":""},"categories":[37,8,48,52],"tags":[],"jetpack_featured_media_url":"https:\/\/i0.wp.com\/globalnewsmexico.com\/sitio\/wp-content\/uploads\/2021\/04\/medicos-contrajeron-covid-pese-vacunados.jpg?fit=958%2C596&ssl=1","jetpack_sharing_enabled":true,"jetpack_shortlink":"https:\/\/wp.me\/p9yqPL-gEH","jetpack_likes_enabled":true,"_links":{"self":[{"href":"https:\/\/globalnewsmexico.com\/sitio\/wp-json\/wp\/v2\/posts\/64027"}],"collection":[{"href":"https:\/\/globalnewsmexico.com\/sitio\/wp-json\/wp\/v2\/posts"}],"about":[{"href":"https:\/\/globalnewsmexico.com\/sitio\/wp-json\/wp\/v2\/types\/post"}],"author":[{"embeddable":true,"href":"https:\/\/globalnewsmexico.com\/sitio\/wp-json\/wp\/v2\/users\/5"}],"replies":[{"embeddable":true,"href":"https:\/\/globalnewsmexico.com\/sitio\/wp-json\/wp\/v2\/comments?post=64027"}],"version-history":[{"count":0,"href":"https:\/\/globalnewsmexico.com\/sitio\/wp-json\/wp\/v2\/posts\/64027\/revisions"}],"wp:featuredmedia":[{"embeddable":true,"href":"https:\/\/globalnewsmexico.com\/sitio\/wp-json\/wp\/v2\/media\/64028"}],"wp:attachment":[{"href":"https:\/\/globalnewsmexico.com\/sitio\/wp-json\/wp\/v2\/media?parent=64027"}],"wp:term":[{"taxonomy":"category","embeddable":true,"href":"https:\/\/globalnewsmexico.com\/sitio\/wp-json\/wp\/v2\/categories?post=64027"},{"taxonomy":"post_tag","embeddable":true,"href":"https:\/\/globalnewsmexico.com\/sitio\/wp-json\/wp\/v2\/tags?post=64027"}],"curies":[{"name":"wp","href":"https:\/\/api.w.org\/{rel}","templated":true}]}}