{"id":64042,"date":"2021-04-05T11:15:50","date_gmt":"2021-04-05T16:15:50","guid":{"rendered":"http:\/\/globalnewsmexico.com\/sitio\/?p=64042"},"modified":"2021-04-05T11:15:54","modified_gmt":"2021-04-05T16:15:54","slug":"hay-condiciones-para-regreso-a-clases-amlo-no-podemos-dejar-a-ninos-solos-frente-a-tv","status":"publish","type":"post","link":"https:\/\/globalnewsmexico.com\/sitio\/hay-condiciones-para-regreso-a-clases-amlo-no-podemos-dejar-a-ninos-solos-frente-a-tv\/","title":{"rendered":"Hay condiciones para regreso a clases: AMLO; \u00abno podemos dejar a ni\u00f1os solos frente a TV\u00bb"},"content":{"rendered":"\n<p>El presidente\u00a0Andr\u00e9s Manuel L\u00f3pez Obrador\u00a0afirm\u00f3 que, ante la reducci\u00f3n de\u00a0contagios de Covid-19, ya existen las condiciones para que los\u00a0ni\u00f1os regresen a clases presenciales, pues dijo que no se puede dejar a los estudiantes solos frente a la televisi\u00f3n o computadora.\u00a0<\/p>\n\n\n\n<p>\u00abYa hay condiciones para el regreso a clases, vacunados los maestros, maestras, personal educativo, tanto de escuelas p\u00fablicas como privadas, y de inmediato empezar a vacunar tambi\u00e9n por edades, a toda la poblaci\u00f3n\u00bb, explic\u00f3.\u00a0<\/p>\n\n\n\n<p>En\u00a0La Ma\u00f1anera\u00a0desde Palacio Nacional, destac\u00f3 la importancia de que los alumnos tengan interacci\u00f3n social con sus compa\u00f1eros y con sus maestros, porque tomar clases frente a la televisi\u00f3n o la computadora resulta una actividad muy solitaria.<\/p>\n\n\n\n<p>\u00abNo podemos dejar a los ni\u00f1os solos frente a los televisores o de las tabletas de internet, no, eso debe ser transitorio porque no se ha analizado el efecto que tiene, pero sin duda no es lo mismo que la escuela\u00bb, agreg\u00f3.<\/p>\n\n\n\n<p>Adem\u00e1s, indic\u00f3 que este aislamiento tambi\u00e9n es una de las causas de deserci\u00f3n escolar que se ha presentado en los \u00faltimos meses.<\/p>\n\n\n\n<p>Para evitar los efectos negativos de la educaci\u00f3n a distancia, L\u00f3pez Obrador\u00a0estim\u00f3 que para finales de abril comenzar\u00e1 la vacunaci\u00f3n de al menos tres millones de profesores y personal administrativo\u00a0en todo el pa\u00eds para regresar a clases antes de concluir el ciclo escolar actual.<\/p>\n\n\n\n<p>\u00abYo sostengo que para este mes terminamos con adultos mayores y ya vamos a poder comenzar a finales del mes, es probable, con las primeras dosis para maestros y maestras y todo lo que es educaci\u00f3n en todo el pa\u00eds\u00bb, coment\u00f3.<\/p>\n\n\n\n<p>Fuente: Milenio<\/p>\n","protected":false},"excerpt":{"rendered":"<p>El presidente\u00a0Andr\u00e9s Manuel L\u00f3pez Obrador\u00a0afirm\u00f3 que, ante la reducci\u00f3n de\u00a0contagios de Covid-19, ya existen las condiciones para que los\u00a0ni\u00f1os regresen a clases presenciales, pues dijo que no se puede dejar a los estudiantes solos frente a la televisi\u00f3n o computadora.\u00a0 \u00abYa hay condiciones para el regreso a clases, vacunados los maestros, maestras, personal educativo, tanto<a class=\"read-more\" href=\"https:\/\/globalnewsmexico.com\/sitio\/hay-condiciones-para-regreso-a-clases-amlo-no-podemos-dejar-a-ninos-solos-frente-a-tv\/\">Leer m\u00e1s<\/a><\/p>\n","protected":false},"author":5,"featured_media":64043,"comment_status":"closed","ping_status":"open","sticky":false,"template":"","format":"standard","meta":{"spay_email":"","footnotes":""},"categories":[37,8,39,52],"tags":[],"jetpack_featured_media_url":"https:\/\/i2.wp.com\/globalnewsmexico.com\/sitio\/wp-content\/uploads\/2021\/04\/la-mananera-del-de-abril.jpg?fit=958%2C596&ssl=1","jetpack_sharing_enabled":true,"jetpack_shortlink":"https:\/\/wp.me\/p9yqPL-gEW","jetpack_likes_enabled":true,"_links":{"self":[{"href":"https:\/\/globalnewsmexico.com\/sitio\/wp-json\/wp\/v2\/posts\/64042"}],"collection":[{"href":"https:\/\/globalnewsmexico.com\/sitio\/wp-json\/wp\/v2\/posts"}],"about":[{"href":"https:\/\/globalnewsmexico.com\/sitio\/wp-json\/wp\/v2\/types\/post"}],"author":[{"embeddable":true,"href":"https:\/\/globalnewsmexico.com\/sitio\/wp-json\/wp\/v2\/users\/5"}],"replies":[{"embeddable":true,"href":"https:\/\/globalnewsmexico.com\/sitio\/wp-json\/wp\/v2\/comments?post=64042"}],"version-history":[{"count":0,"href":"https:\/\/globalnewsmexico.com\/sitio\/wp-json\/wp\/v2\/posts\/64042\/revisions"}],"wp:featuredmedia":[{"embeddable":true,"href":"https:\/\/globalnewsmexico.com\/sitio\/wp-json\/wp\/v2\/media\/64043"}],"wp:attachment":[{"href":"https:\/\/globalnewsmexico.com\/sitio\/wp-json\/wp\/v2\/media?parent=64042"}],"wp:term":[{"taxonomy":"category","embeddable":true,"href":"https:\/\/globalnewsmexico.com\/sitio\/wp-json\/wp\/v2\/categories?post=64042"},{"taxonomy":"post_tag","embeddable":true,"href":"https:\/\/globalnewsmexico.com\/sitio\/wp-json\/wp\/v2\/tags?post=64042"}],"curies":[{"name":"wp","href":"https:\/\/api.w.org\/{rel}","templated":true}]}}