{"id":64063,"date":"2021-04-05T15:37:38","date_gmt":"2021-04-05T20:37:38","guid":{"rendered":"http:\/\/globalnewsmexico.com\/sitio\/?p=64063"},"modified":"2021-04-05T15:37:43","modified_gmt":"2021-04-05T20:37:43","slug":"sat-da-un-mes-mas-para-presentar-la-declaracion-anual-2021","status":"publish","type":"post","link":"https:\/\/globalnewsmexico.com\/sitio\/sat-da-un-mes-mas-para-presentar-la-declaracion-anual-2021\/","title":{"rendered":"SAT da un mes m\u00e1s para presentar la declaraci\u00f3n anual 2021"},"content":{"rendered":"\n<p>El\u00a0Servicio de Administraci\u00f3n Tributaria\u00a0(SAT)\u00a0confirm\u00f3 que se dar\u00e1 una pr\u00f3rroga para la presentaci\u00f3n de la declaraci\u00f3n anual de personas f\u00edsicas\u00a0del ejercicio fiscal 2020; ser\u00e1 hasta al 31 de mayo de 2021 que se podr\u00e1 realizar este tr\u00e1mite y no el 30 de abril, como se ten\u00eda originalmente considerado; es decir, se da un mes m\u00e1s.<\/p>\n\n\n\n<p>De acuerdo con lo planteado en la resoluci\u00f3n miscel\u00e1nea fiscal, en el punto 13.4 se dice que \u201cpara los efectos del art\u00edculo 150, primer p\u00e1rrafo de la Ley del ISR, las personas f\u00edsicas podr\u00e1n presentar su declaraci\u00f3n anual correspondiente al ejercicio fiscal de 2020\u00a0a m\u00e1s tardar el 31 de mayo de 2021\u201d. Al respecto, el SAT confirm\u00f3 que lo expuesto en la miscel\u00e1nea es correcto.<\/p>\n\n\n\n<p>En este sentido, el\u00a0Instituto Mexicano de Ejecutivos de Finanzas\u00a0(IMEF) considera que lo anterior\u00a0es un beneficio \u00fatil para las personas f\u00edsicas, pero dado que este beneficio no se dio para las personas morales, quienes presentaron su declaraci\u00f3n anual el pasado mes de marzo, se contin\u00faa la tendencia de demeritar la labor del empresario.<\/p>\n\n\n\n<p>\u201cDesde el a\u00f1o pasado hemos visto una tendencia no solo de no apoyar, sino de demeritar la labor del empresario en M\u00e9xico, siendo que generan m\u00e1s de tres cuartas partes del empleo en el pa\u00eds, las remuneraciones son la base del est\u00edmulo al consumo. Es parte del mismo ambiente en contra del sector privado que hemos visto\u201d, refiri\u00f3 el presidente Nacional del IMEF, \u00c1ngel Garc\u00eda Lascura\u00edn.<\/p>\n\n\n\n<p>Fuente: Milenio<\/p>\n","protected":false},"excerpt":{"rendered":"<p>El\u00a0Servicio de Administraci\u00f3n Tributaria\u00a0(SAT)\u00a0confirm\u00f3 que se dar\u00e1 una pr\u00f3rroga para la presentaci\u00f3n de la declaraci\u00f3n anual de personas f\u00edsicas\u00a0del ejercicio fiscal 2020; ser\u00e1 hasta al 31 de mayo de 2021 que se podr\u00e1 realizar este tr\u00e1mite y no el 30 de abril, como se ten\u00eda originalmente considerado; es decir, se da un mes m\u00e1s. De<a class=\"read-more\" href=\"https:\/\/globalnewsmexico.com\/sitio\/sat-da-un-mes-mas-para-presentar-la-declaracion-anual-2021\/\">Leer m\u00e1s<\/a><\/p>\n","protected":false},"author":5,"featured_media":64064,"comment_status":"closed","ping_status":"open","sticky":false,"template":"","format":"standard","meta":{"spay_email":"","footnotes":""},"categories":[37,8,39,52],"tags":[],"jetpack_featured_media_url":"https:\/\/i0.wp.com\/globalnewsmexico.com\/sitio\/wp-content\/uploads\/2021\/04\/instituto-mexicano-ejecutivos-finanzas-imef-1_0_20_900_560.jpg?fit=958%2C596&ssl=1","jetpack_sharing_enabled":true,"jetpack_shortlink":"https:\/\/wp.me\/p9yqPL-gFh","jetpack_likes_enabled":true,"_links":{"self":[{"href":"https:\/\/globalnewsmexico.com\/sitio\/wp-json\/wp\/v2\/posts\/64063"}],"collection":[{"href":"https:\/\/globalnewsmexico.com\/sitio\/wp-json\/wp\/v2\/posts"}],"about":[{"href":"https:\/\/globalnewsmexico.com\/sitio\/wp-json\/wp\/v2\/types\/post"}],"author":[{"embeddable":true,"href":"https:\/\/globalnewsmexico.com\/sitio\/wp-json\/wp\/v2\/users\/5"}],"replies":[{"embeddable":true,"href":"https:\/\/globalnewsmexico.com\/sitio\/wp-json\/wp\/v2\/comments?post=64063"}],"version-history":[{"count":0,"href":"https:\/\/globalnewsmexico.com\/sitio\/wp-json\/wp\/v2\/posts\/64063\/revisions"}],"wp:featuredmedia":[{"embeddable":true,"href":"https:\/\/globalnewsmexico.com\/sitio\/wp-json\/wp\/v2\/media\/64064"}],"wp:attachment":[{"href":"https:\/\/globalnewsmexico.com\/sitio\/wp-json\/wp\/v2\/media?parent=64063"}],"wp:term":[{"taxonomy":"category","embeddable":true,"href":"https:\/\/globalnewsmexico.com\/sitio\/wp-json\/wp\/v2\/categories?post=64063"},{"taxonomy":"post_tag","embeddable":true,"href":"https:\/\/globalnewsmexico.com\/sitio\/wp-json\/wp\/v2\/tags?post=64063"}],"curies":[{"name":"wp","href":"https:\/\/api.w.org\/{rel}","templated":true}]}}